{"id":22857,"date":"2026-01-22T14:33:13","date_gmt":"2026-01-22T17:33:13","guid":{"rendered":"https:\/\/laserenaradio.cl\/web\/?p=22857"},"modified":"2026-01-22T14:33:13","modified_gmt":"2026-01-22T17:33:13","slug":"actualizacion-sobre-incendios-forestales-en-chile","status":"publish","type":"post","link":"https:\/\/laserenaradio.cl\/web\/2026\/01\/22\/actualizacion-sobre-incendios-forestales-en-chile\/","title":{"rendered":"Actualizaci\u00f3n sobre incendios forestales en Chile"},"content":{"rendered":"<p>Este jueves, el Servicio Nacional de Prevenci\u00f3n y Respuesta ante Desastres (<a href=\"http:\/\/www.senapred.cl\">Senapred<\/a>) entreg\u00f3 un nuevo balance sobre los incendios forestales que afectan a las regiones de \u00d1uble, B\u00edo B\u00edo y La Araucan\u00eda. A trav\u00e9s del consolidado nacional, el organismo report\u00f3 19 incendios en combate, 26 controlados y 5 extinguidos.<\/p>\n<p>Asimismo, cifr\u00f3 en 878 el total de casas destruidas por la emergencia. Tambi\u00e9n inform\u00f3 que hay m\u00e1s de 20.432 damnificados y 305 lesionados. La cifra de fallecidos se mantiene en 21. Adem\u00e1s, inform\u00f3 que 1.498 fichas FIBE ya fueron aplicadas.<\/p>\n<p>En la regi\u00f3n del B\u00edo B\u00edo son 3 los incendios que se encuentran en combate con 26.747 hect\u00e1reas afectadas. Adem\u00e1s, 2 siniestros est\u00e1n en observaci\u00f3n. En \u00d1uble, 4 incendios se encuentran en combate con 7.136 hect\u00e1reas afectadas.<\/p>\n<p>En La Araucan\u00eda, 3 est\u00e1n en combate con una superficie de 3.064 hect\u00e1reas afectadas.<\/p>\n","protected":false},"excerpt":{"rendered":"<p>Este jueves, el Servicio Nacional de Prevenci\u00f3n y Respuesta ante Desastres (Senapred) entreg\u00f3 un nuevo balance sobre los incendios forestales que afectan a las regiones de \u00d1uble, B\u00edo B\u00edo y La Araucan\u00eda. A trav\u00e9s del consolidado nacional, el organismo report\u00f3 19 incendios en combate, 26 controlados y 5 extinguidos. Asimismo, cifr\u00f3 en 878 el total [&hellip;]<\/p>\n","protected":false},"author":2,"featured_media":22856,"comment_status":"closed","ping_status":"open","sticky":false,"template":"","format":"standard","meta":{"_jetpack_memberships_contains_paid_content":false,"jnews-multi-image_gallery":[],"jnews_single_post":[],"jnews_primary_category":[],"jnews_social_meta":[],"jnews_paywall_metabox":[],"jnews_review":[],"enable_review":"","type":"","name":"","summary":"","brand":"","sku":"","good":[],"bad":[],"score_override":"","override_value":"","rating":[],"price":[],"jnews_override_counter":[],"jnews_post_split":[],"footnotes":""},"categories":[21],"tags":[],"class_list":["post-22857","post","type-post","status-publish","format-standard","has-post-thumbnail","hentry","category-nacional"],"jetpack_featured_media_url":"https:\/\/laserenaradio.cl\/web\/wp-content\/uploads\/2026\/01\/mediapiaiextstaticimg_webpincendioscombateafectadassobre_1.webp","jetpack_sharing_enabled":true,"_links":{"self":[{"href":"https:\/\/laserenaradio.cl\/web\/wp-json\/wp\/v2\/posts\/22857","targetHints":{"allow":["GET"]}}],"collection":[{"href":"https:\/\/laserenaradio.cl\/web\/wp-json\/wp\/v2\/posts"}],"about":[{"href":"https:\/\/laserenaradio.cl\/web\/wp-json\/wp\/v2\/types\/post"}],"author":[{"embeddable":true,"href":"https:\/\/laserenaradio.cl\/web\/wp-json\/wp\/v2\/users\/2"}],"replies":[{"embeddable":true,"href":"https:\/\/laserenaradio.cl\/web\/wp-json\/wp\/v2\/comments?post=22857"}],"version-history":[{"count":1,"href":"https:\/\/laserenaradio.cl\/web\/wp-json\/wp\/v2\/posts\/22857\/revisions"}],"predecessor-version":[{"id":22858,"href":"https:\/\/laserenaradio.cl\/web\/wp-json\/wp\/v2\/posts\/22857\/revisions\/22858"}],"wp:featuredmedia":[{"embeddable":true,"href":"https:\/\/laserenaradio.cl\/web\/wp-json\/wp\/v2\/media\/22856"}],"wp:attachment":[{"href":"https:\/\/laserenaradio.cl\/web\/wp-json\/wp\/v2\/media?parent=22857"}],"wp:term":[{"taxonomy":"category","embeddable":true,"href":"https:\/\/laserenaradio.cl\/web\/wp-json\/wp\/v2\/categories?post=22857"},{"taxonomy":"post_tag","embeddable":true,"href":"https:\/\/laserenaradio.cl\/web\/wp-json\/wp\/v2\/tags?post=22857"}],"curies":[{"name":"wp","href":"https:\/\/api.w.org\/{rel}","templated":true}]}}