{"id":22843,"date":"2026-01-22T10:44:18","date_gmt":"2026-01-22T13:44:18","guid":{"rendered":"https:\/\/laserenaradio.cl\/web\/?p=22843"},"modified":"2026-01-22T10:44:18","modified_gmt":"2026-01-22T13:44:18","slug":"detenido-el-cantante-urbano-dehilan-por-secuestro-extorsivo","status":"publish","type":"post","link":"https:\/\/laserenaradio.cl\/web\/2026\/01\/22\/detenido-el-cantante-urbano-dehilan-por-secuestro-extorsivo\/","title":{"rendered":"Detenido el cantante urbano Dehilan por secuestro extorsivo"},"content":{"rendered":"<p>El cantante urbano Dehilan, hijo del narcotraficante conocido como el &#8220;Guat\u00f3n Mutema&#8221;, fue detenido en Argentina acusado de un secuestro extorsivo contra la familia de uno de los l\u00edderes del clan &#8220;Mella&#8221; en La Pintana. Joan Acevedo, nombre real del artista urbano, no asisti\u00f3 al funeral de su padre debido a una orden de detenci\u00f3n vigente por el delito de secuestro, causa en la que tambi\u00e9n estuvo vinculado Carlos \u201cGuat\u00f3n Mutema\u201d Acevedo.<\/p>\n<p>D\u00edas antes del asesinato del &#8220;Guat\u00f3n Mutema&#8221;, Dehilan se encontraba en Estados Unidos. \u201cMe duele verte por el tel\u00e9fono, pero ya voy a llegar a casa a estar con la familia\u201d, escribi\u00f3 entonces en su cuenta de Instagram.<\/p>\n<p>En el secuestro por el que se le acusa, las v\u00edctimas fueron la pareja y la hija menor de edad de un l\u00edder del clan &#8220;Mella&#8221;, mientras este se encontraba privado de libertad. En ese delito se habr\u00edan exigido $1.000 millones, de los cuales el narcotraficante habr\u00eda pagado m\u00e1s de $500 millones.<\/p>\n<p>El secuestro habr\u00eda sido ejecutado por al menos seis personas, entre ellas un sujeto apodado \u201cEl Aguja\u201c. Cinco de los involucrados ya fueron detenidos, mientras que Dehilan permaneci\u00f3 pr\u00f3fugo durante meses, periodo en el que habr\u00eda pasado por Estados Unidos hasta ser finalmente aprehendido en Argentina.<\/p>\n<p>El pasado 17 de enero, a trav\u00e9s de la cuenta de Instagram de Dehilan, se public\u00f3 un comunicado en el que se afirma que el cantante urbano detenido \u201ces inocente\u201c.<\/p>\n<p>Adem\u00e1s, aseguran que existen \u201cpruebas contundentes que respaldan y aclaran\u201d que Joan Acevedo \u201cno particip\u00f3 en el delito que se le acusa\u201c.<\/p>\n<p>Producto de esta investigaci\u00f3n se logra identificar a este sujeto como uno de los autores, quien sale de territorio nacional y despu\u00e9s se logra establecer que primeramente estuvo en Estados Unidos, y luego regresa a Sudam\u00e9rica a trav\u00e9s de distintos pa\u00edses hasta posicionarse en Buenos Aires, donde es detenidos producto del trabajo coordinado con la Polic\u00eda Federal de Argentina\u201c, precis\u00f3 el subprefecto Hassel Barrientos, jefe de la Bipe Antisecuestros de la <a href=\"https:\/\/www.pdichile.cl\/\">PDI<\/a>, en di\u00e1logo con Chilevisi\u00f3n.<\/p>\n<p>La investigaci\u00f3n, que se extiende por m\u00e1s de un a\u00f1o, sit\u00faa a Dehilan a bordo de uno de los veh\u00edculos utilizados para cometer el secuestro.<\/p>\n<p>Por su parte, el fiscal Claudio Orellana, de la <a href=\"https:\/\/www.fiscaliadechile.cl\/\">Fiscal\u00eda<\/a> Metropolitana Sur, indic\u00f3 al citado medio que Joan Acevedo fue formalizado en audiencia y que ya se iniciaron los tr\u00e1mites para solicitar su extradici\u00f3n desde Argentina, proceso que debe ser autorizado por la Corte de Apelaciones de Santiago y posteriormente requerido a la justicia del pa\u00eds vecino.<\/p>\n","protected":false},"excerpt":{"rendered":"<p>El cantante urbano Dehilan, hijo del narcotraficante conocido como el &#8220;Guat\u00f3n Mutema&#8221;, fue detenido en Argentina acusado de un secuestro extorsivo contra la familia de uno de los l\u00edderes del clan &#8220;Mella&#8221; en La Pintana. Joan Acevedo, nombre real del artista urbano, no asisti\u00f3 al funeral de su padre debido a una orden de detenci\u00f3n [&hellip;]<\/p>\n","protected":false},"author":2,"featured_media":22842,"comment_status":"closed","ping_status":"open","sticky":false,"template":"","format":"standard","meta":{"_jetpack_memberships_contains_paid_content":false,"jnews-multi-image_gallery":[],"jnews_single_post":[],"jnews_primary_category":[],"jnews_social_meta":[],"jnews_paywall_metabox":[],"jnews_review":[],"enable_review":"","type":"","name":"","summary":"","brand":"","sku":"","good":[],"bad":[],"score_override":"","override_value":"","rating":[],"price":[],"jnews_override_counter":[],"jnews_post_split":[],"footnotes":""},"categories":[21],"tags":[],"class_list":["post-22843","post","type-post","status-publish","format-standard","has-post-thumbnail","hentry","category-nacional"],"jetpack_featured_media_url":"https:\/\/laserenaradio.cl\/web\/wp-content\/uploads\/2026\/01\/mediapiaiextstaticimg_webpDetenidoDehilan_0.webp","jetpack_sharing_enabled":true,"_links":{"self":[{"href":"https:\/\/laserenaradio.cl\/web\/wp-json\/wp\/v2\/posts\/22843","targetHints":{"allow":["GET"]}}],"collection":[{"href":"https:\/\/laserenaradio.cl\/web\/wp-json\/wp\/v2\/posts"}],"about":[{"href":"https:\/\/laserenaradio.cl\/web\/wp-json\/wp\/v2\/types\/post"}],"author":[{"embeddable":true,"href":"https:\/\/laserenaradio.cl\/web\/wp-json\/wp\/v2\/users\/2"}],"replies":[{"embeddable":true,"href":"https:\/\/laserenaradio.cl\/web\/wp-json\/wp\/v2\/comments?post=22843"}],"version-history":[{"count":1,"href":"https:\/\/laserenaradio.cl\/web\/wp-json\/wp\/v2\/posts\/22843\/revisions"}],"predecessor-version":[{"id":22844,"href":"https:\/\/laserenaradio.cl\/web\/wp-json\/wp\/v2\/posts\/22843\/revisions\/22844"}],"wp:featuredmedia":[{"embeddable":true,"href":"https:\/\/laserenaradio.cl\/web\/wp-json\/wp\/v2\/media\/22842"}],"wp:attachment":[{"href":"https:\/\/laserenaradio.cl\/web\/wp-json\/wp\/v2\/media?parent=22843"}],"wp:term":[{"taxonomy":"category","embeddable":true,"href":"https:\/\/laserenaradio.cl\/web\/wp-json\/wp\/v2\/categories?post=22843"},{"taxonomy":"post_tag","embeddable":true,"href":"https:\/\/laserenaradio.cl\/web\/wp-json\/wp\/v2\/tags?post=22843"}],"curies":[{"name":"wp","href":"https:\/\/api.w.org\/{rel}","templated":true}]}}