{"id":22838,"date":"2026-01-22T10:39:19","date_gmt":"2026-01-22T13:39:19","guid":{"rendered":"https:\/\/laserenaradio.cl\/web\/?p=22838"},"modified":"2026-01-22T10:39:19","modified_gmt":"2026-01-22T13:39:19","slug":"gobierno-entrega-ayuda-a-agricultores-damnificados-por-incendios-forestales","status":"publish","type":"post","link":"https:\/\/laserenaradio.cl\/web\/2026\/01\/22\/gobierno-entrega-ayuda-a-agricultores-damnificados-por-incendios-forestales\/","title":{"rendered":"Gobierno entrega ayuda a agricultores damnificados por incendios forestales"},"content":{"rendered":"<p>En el marco del despliegue en terreno para enfrentar la emergencia por incendios forestales en la zona centro-sur del pa\u00eds, el gobierno \u2014a trav\u00e9s del <a href=\"https:\/\/www.minagri.gob.cl\/\">Ministerio de Agricultura<\/a> y el Instituto de Desarrollo Agropecuario (<a href=\"http:\/\/www.indap.gob.cl\/\">INDAP<\/a>)\u2014 inici\u00f3 la entrega de ayudas tempranas destinadas a la recuperaci\u00f3n productiva de los agricultores damnificados.<\/p>\n<p>Como primera acci\u00f3n, en la comuna de R\u00e1nquil, regi\u00f3n de \u00d1uble, se realiz\u00f3 este mi\u00e9rcoles la entrega de material de construcci\u00f3n, principalmente polines para cierres perimetrales de animales, a diez agricultoras y agricultores cuyos predios fueron afectados por el fuego.<\/p>\n<p>Dicha medida es el primer paso de un despliegue mayor liderado por el <a href=\"https:\/\/www.minagri.gob.cl\/\">Ministerio de Agricultura<\/a> e <a href=\"http:\/\/www.indap.gob.cl\/\">INDAP<\/a> para resguardar el sustento de la agricultura familiar campesina e ind\u00edgena. La ministra de Agricultura y enlace en la zona, Ignacia Fern\u00e1ndez, indic\u00f3 que esta ser\u00e1 la primera de diferentes entregas de ayudas temprana que se har\u00e1n en el corto plazo en la regi\u00f3n.<\/p>\n<p>Agregando que se encuentran trabajando en adaptar los programas del <a href=\"http:\/\/www.indap.gob.cl\/\">INDAP<\/a> \u201cpara que las personas que se han visto damnificadas y afectadas puedan ponerse de pie prontamente y recuperar su actividad productiva, sus emprendimientos, sus negocios vinculados a la agricultura y seguir de esa manera trabajando y accediendo nuevamente a condiciones de bienestar\u201d.<\/p>\n<p>Por su parte, el director nacional de <a href=\"http:\/\/www.indap.gob.cl\/\">INDAP<\/a>, Santiago Rojas, dijo que desde la instituci\u00f3n se dar\u00e1n \u201ctodas las facilidades para revisar los programas y darle prioridad a las familias que se han visto afectadas para as\u00ed dar el paso a la recuperaci\u00f3n de la infraestructura productiva. Porque la agricultura familiar campesina es la base de la alimentaci\u00f3n del pa\u00eds y tenemos ese compromiso, como gobierno, de estar apoyando en este momento dif\u00edcil\u201d.<\/p>\n<p>Por su parte, el delegado presidencial de \u00d1uble, Rodrigo Garc\u00eda, complement\u00f3 que \u201cen los pr\u00f3ximos d\u00edas vamos a iniciar la entrega de ayuda para las familias con alimentos y enseres para la casa y para las personas. El paso siguiente, que ya lo estamos preparando, es la entrega de las primeras casas de emergencia en la comuna de Ranquil, que se va a hacer durante esta semana\u201d.<\/p>\n<p>Seg\u00fan el \u00faltimo reporte de <a href=\"http:\/\/www.indap.gob.cl\/\">INDAP<\/a>, se ha identificado preliminarmente a 214 agricultores acreditados en la instituci\u00f3n que han sido afectados en las regiones de \u00d1uble, B\u00edo B\u00edo y La Araucan\u00eda, sumando una superficie comprometida de m\u00e1s de 58 mil hect\u00e1reas en estas zonas.<\/p>\n","protected":false},"excerpt":{"rendered":"<p>En el marco del despliegue en terreno para enfrentar la emergencia por incendios forestales en la zona centro-sur del pa\u00eds, el gobierno \u2014a trav\u00e9s del Ministerio de Agricultura y el Instituto de Desarrollo Agropecuario (INDAP)\u2014 inici\u00f3 la entrega de ayudas tempranas destinadas a la recuperaci\u00f3n productiva de los agricultores damnificados. Como primera acci\u00f3n, en la [&hellip;]<\/p>\n","protected":false},"author":2,"featured_media":22837,"comment_status":"closed","ping_status":"open","sticky":false,"template":"","format":"standard","meta":{"_jetpack_memberships_contains_paid_content":false,"jnews-multi-image_gallery":[],"jnews_single_post":[],"jnews_primary_category":[],"jnews_social_meta":[],"jnews_paywall_metabox":[],"jnews_review":[],"enable_review":"","type":"","name":"","summary":"","brand":"","sku":"","good":[],"bad":[],"score_override":"","override_value":"","rating":[],"price":[],"jnews_override_counter":[],"jnews_post_split":[],"footnotes":""},"categories":[21],"tags":[],"class_list":["post-22838","post","type-post","status-publish","format-standard","has-post-thumbnail","hentry","category-nacional"],"jetpack_featured_media_url":"https:\/\/laserenaradio.cl\/web\/wp-content\/uploads\/2026\/01\/mediapiaiextstaticimg_webpindapentregaagricultores_1.webp","jetpack_sharing_enabled":true,"_links":{"self":[{"href":"https:\/\/laserenaradio.cl\/web\/wp-json\/wp\/v2\/posts\/22838","targetHints":{"allow":["GET"]}}],"collection":[{"href":"https:\/\/laserenaradio.cl\/web\/wp-json\/wp\/v2\/posts"}],"about":[{"href":"https:\/\/laserenaradio.cl\/web\/wp-json\/wp\/v2\/types\/post"}],"author":[{"embeddable":true,"href":"https:\/\/laserenaradio.cl\/web\/wp-json\/wp\/v2\/users\/2"}],"replies":[{"embeddable":true,"href":"https:\/\/laserenaradio.cl\/web\/wp-json\/wp\/v2\/comments?post=22838"}],"version-history":[{"count":1,"href":"https:\/\/laserenaradio.cl\/web\/wp-json\/wp\/v2\/posts\/22838\/revisions"}],"predecessor-version":[{"id":22839,"href":"https:\/\/laserenaradio.cl\/web\/wp-json\/wp\/v2\/posts\/22838\/revisions\/22839"}],"wp:featuredmedia":[{"embeddable":true,"href":"https:\/\/laserenaradio.cl\/web\/wp-json\/wp\/v2\/media\/22837"}],"wp:attachment":[{"href":"https:\/\/laserenaradio.cl\/web\/wp-json\/wp\/v2\/media?parent=22838"}],"wp:term":[{"taxonomy":"category","embeddable":true,"href":"https:\/\/laserenaradio.cl\/web\/wp-json\/wp\/v2\/categories?post=22838"},{"taxonomy":"post_tag","embeddable":true,"href":"https:\/\/laserenaradio.cl\/web\/wp-json\/wp\/v2\/tags?post=22838"}],"curies":[{"name":"wp","href":"https:\/\/api.w.org\/{rel}","templated":true}]}}