{"id":22833,"date":"2026-01-21T16:40:08","date_gmt":"2026-01-21T19:40:08","guid":{"rendered":"https:\/\/laserenaradio.cl\/web\/?p=22833"},"modified":"2026-01-21T16:40:08","modified_gmt":"2026-01-21T19:40:08","slug":"el-minvu-autorizara-proyectos-para-reconstruir-zonas-afectadas-por-incendios","status":"publish","type":"post","link":"https:\/\/laserenaradio.cl\/web\/2026\/01\/21\/el-minvu-autorizara-proyectos-para-reconstruir-zonas-afectadas-por-incendios\/","title":{"rendered":"El Minvu autorizar\u00e1 proyectos para reconstruir zonas afectadas por incendios"},"content":{"rendered":"<p>Este mi\u00e9rcoles desde la Contralor\u00eda General de la Rep\u00fablica (CGR) anunciaron que se tom\u00f3 raz\u00f3n del decreto N\u00b028 del <a href=\"http:\/\/www.minvu.cl\/\">Ministerio de Vivienda y Urbanismo<\/a> (Minvu), que favorecer\u00e1 la reconstrucci\u00f3n en las zonas afectadas por los incendios en las regiones del B\u00edo B\u00edo y de \u00d1uble. Espec\u00edficamente, se modifica el decreto N\u00b047 publicado en 1992.<\/p>\n<p>De esta manera, el Minvu podr\u00e1 autorizar proyectos tipo de edificaciones industrializadas o no industrializadas, destinadas a vivienda o a equipamiento de escala vecinal, que cuenten con los requisitos t\u00e9cnicos fijados por la autoridad. Seg\u00fan detallan desde la CGR, &#8220;En el caso de \u00e1reas declaradas zonas de cat\u00e1strofe, podr\u00e1n aprobarse planes reguladores comunales o seccionales o sus modificaciones, as\u00ed como intercomunales y metropolitanos.&#8221;<\/p>\n<p>De acuerdo con las condiciones luego de este decreto, el plazo m\u00e1ximo para ingresar al Minvu las solicitudes de aprobaci\u00f3n o modificaci\u00f3n de dichos planes ser\u00e1 de dos a\u00f1os contados desde la declaraci\u00f3n de zona de cat\u00e1strofe. &#8220;Por otro lado, en estas zonas podr\u00e1n aprobarse permisos de edificaci\u00f3n o reparaci\u00f3n y su recepci\u00f3n para la regularizaci\u00f3n de construcciones existentes con las normas especiales y procedimientos simplificados establecidos, cuando formen parte de los planes de reconstrucci\u00f3n regionales, o municipales cuando se trate de reconstruir o reponer edificaciones da\u00f1adas por la cat\u00e1strofe,&#8221; agregan.<\/p>\n<p>Seg\u00fan el balance de este mi\u00e9rcoles sobre los incendios forestales, los damnificados ascienden a 6.707 personas y, por el momento, hay 754 viviendas completamente destruidas. Si bien son cifras oficiales entregadas por el ministro del Interior, \u00c1lvaro Elizalde, son n\u00fameros que podr\u00edan variar, considerando que el catastro en las zonas afectadas no ha concluido y la emergencia sigue activa.<\/p>\n<p>En los lugares afectados y donde el fuego est\u00e1 controlado, el ministerio de Desarrollo Social y Familia ha estado aplicando la Ficha B\u00e1sica de Emergencia (FIBE) para identificar necesidades b\u00e1sicas. Adem\u00e1s, el Minvu ya inici\u00f3 la aplicaci\u00f3n de la Ficha 2, para determinar el da\u00f1o de manera t\u00e9cnica a las viviendas afectadas.<\/p>\n","protected":false},"excerpt":{"rendered":"<p>Este mi\u00e9rcoles desde la Contralor\u00eda General de la Rep\u00fablica (CGR) anunciaron que se tom\u00f3 raz\u00f3n del decreto N\u00b028 del Ministerio de Vivienda y Urbanismo (Minvu), que favorecer\u00e1 la reconstrucci\u00f3n en las zonas afectadas por los incendios en las regiones del B\u00edo B\u00edo y de \u00d1uble. Espec\u00edficamente, se modifica el decreto N\u00b047 publicado en 1992. De [&hellip;]<\/p>\n","protected":false},"author":2,"featured_media":22832,"comment_status":"closed","ping_status":"open","sticky":false,"template":"","format":"standard","meta":{"_jetpack_memberships_contains_paid_content":false,"jnews-multi-image_gallery":[],"jnews_single_post":[],"jnews_primary_category":[],"jnews_social_meta":[],"jnews_paywall_metabox":[],"jnews_review":[],"enable_review":"","type":"","name":"","summary":"","brand":"","sku":"","good":[],"bad":[],"score_override":"","override_value":"","rating":[],"price":[],"jnews_override_counter":[],"jnews_post_split":[],"footnotes":""},"categories":[21],"tags":[],"class_list":["post-22833","post","type-post","status-publish","format-standard","has-post-thumbnail","hentry","category-nacional"],"jetpack_featured_media_url":"https:\/\/laserenaradio.cl\/web\/wp-content\/uploads\/2026\/01\/mediapiaiextstaticimg_webpMinvuzonas_1.webp","jetpack_sharing_enabled":true,"_links":{"self":[{"href":"https:\/\/laserenaradio.cl\/web\/wp-json\/wp\/v2\/posts\/22833","targetHints":{"allow":["GET"]}}],"collection":[{"href":"https:\/\/laserenaradio.cl\/web\/wp-json\/wp\/v2\/posts"}],"about":[{"href":"https:\/\/laserenaradio.cl\/web\/wp-json\/wp\/v2\/types\/post"}],"author":[{"embeddable":true,"href":"https:\/\/laserenaradio.cl\/web\/wp-json\/wp\/v2\/users\/2"}],"replies":[{"embeddable":true,"href":"https:\/\/laserenaradio.cl\/web\/wp-json\/wp\/v2\/comments?post=22833"}],"version-history":[{"count":1,"href":"https:\/\/laserenaradio.cl\/web\/wp-json\/wp\/v2\/posts\/22833\/revisions"}],"predecessor-version":[{"id":22834,"href":"https:\/\/laserenaradio.cl\/web\/wp-json\/wp\/v2\/posts\/22833\/revisions\/22834"}],"wp:featuredmedia":[{"embeddable":true,"href":"https:\/\/laserenaradio.cl\/web\/wp-json\/wp\/v2\/media\/22832"}],"wp:attachment":[{"href":"https:\/\/laserenaradio.cl\/web\/wp-json\/wp\/v2\/media?parent=22833"}],"wp:term":[{"taxonomy":"category","embeddable":true,"href":"https:\/\/laserenaradio.cl\/web\/wp-json\/wp\/v2\/categories?post=22833"},{"taxonomy":"post_tag","embeddable":true,"href":"https:\/\/laserenaradio.cl\/web\/wp-json\/wp\/v2\/tags?post=22833"}],"curies":[{"name":"wp","href":"https:\/\/api.w.org\/{rel}","templated":true}]}}