{"id":22830,"date":"2026-01-21T16:37:15","date_gmt":"2026-01-21T19:37:15","guid":{"rendered":"https:\/\/laserenaradio.cl\/web\/?p=22830"},"modified":"2026-01-21T16:37:15","modified_gmt":"2026-01-21T19:37:15","slug":"culpan-a-corma-y-al-gobierno-por-incendios-forestales-en-chile","status":"publish","type":"post","link":"https:\/\/laserenaradio.cl\/web\/2026\/01\/21\/culpan-a-corma-y-al-gobierno-por-incendios-forestales-en-chile\/","title":{"rendered":"Culpan a Corma y al gobierno por incendios forestales en Chile"},"content":{"rendered":"<p>Opiniones divididas generaron la no autorizaci\u00f3n a Corma para realizar quemas en invierno, lo cual podr\u00eda haber influido en los incendios que azotan a la regi\u00f3n. Parlamentarios culparon al gobierno de priorizar ideolog\u00eda antes de evitar una cat\u00e1strofe en incendios forestales, luego de no autorizar a Corma a realizar quemas en invierno.<\/p>\n<p>Fue un reportaje de la Unidad de Investigaci\u00f3n de BiobioChile que sac\u00f3 a la luz la advertencia que realiz\u00f3 la Corporaci\u00f3n Chilena de la Madera (Corma) el a\u00f1o pasado, sobre posibles incendios con &#8220;consecuencias catastr\u00f3ficas&#8221; durante este verano. Las forestales manten\u00edan 4 mil hect\u00e1reas con residuos acumulados en el Gran Concepci\u00f3n.<\/p>\n<p>En sus proyecciones, incluso estimaron que 30 mil viviendas pod\u00edan ser destruidas por las llamas. Por ello, solicitaron a las autoridades que visaran una quema controlada durante los meses de invierno, pero debido al Plan de Descontaminaci\u00f3n no lo permit\u00eda. La autorizaci\u00f3n nunca lleg\u00f3.<\/p>\n<p>La situaci\u00f3n es indignante, dijo el diputado de la Democracia Cristiana, Eric Aedo, afirmando que fue el costo del exceso de ideologismo del Gobierno lo que pagaron todos los damnificados.<\/p>\n<p>Por otro lado, el diputado ecologista Felix Gonz\u00e1lez se\u00f1al\u00f3 que la responsabilidad completa es de las forestales que deben deshacerse de los desechos de tala y no se puede culpar al Gobierno.<\/p>\n<p>Acciones judiciales que podr\u00edan tomar contra autoridades adelant\u00f3 el diputado UDI Sergio Bobadilla, apuntando a una negligencia. Los parlamentarios coincidieron en que finalmente nadie hizo nada por evitar que el combustible acumulado por m\u00e1s de seis a\u00f1os en zonas de interfaz urbano-forestal se eliminara.<\/p>\n","protected":false},"excerpt":{"rendered":"<p>Opiniones divididas generaron la no autorizaci\u00f3n a Corma para realizar quemas en invierno, lo cual podr\u00eda haber influido en los incendios que azotan a la regi\u00f3n. Parlamentarios culparon al gobierno de priorizar ideolog\u00eda antes de evitar una cat\u00e1strofe en incendios forestales, luego de no autorizar a Corma a realizar quemas en invierno. Fue un reportaje [&hellip;]<\/p>\n","protected":false},"author":2,"featured_media":9076,"comment_status":"closed","ping_status":"open","sticky":false,"template":"","format":"standard","meta":{"_jetpack_memberships_contains_paid_content":false,"jnews-multi-image_gallery":[],"jnews_single_post":[],"jnews_primary_category":[],"jnews_social_meta":[],"jnews_paywall_metabox":[],"jnews_review":[],"enable_review":"","type":"","name":"","summary":"","brand":"","sku":"","good":[],"bad":[],"score_override":"","override_value":"","rating":[],"price":[],"jnews_override_counter":[],"jnews_post_split":[],"footnotes":""},"categories":[21],"tags":[],"class_list":["post-22830","post","type-post","status-publish","format-standard","has-post-thumbnail","hentry","category-nacional"],"jetpack_featured_media_url":"https:\/\/laserenaradio.cl\/web\/wp-content\/uploads\/2024\/12\/laserenaradio_nacional.webp","jetpack_sharing_enabled":true,"_links":{"self":[{"href":"https:\/\/laserenaradio.cl\/web\/wp-json\/wp\/v2\/posts\/22830","targetHints":{"allow":["GET"]}}],"collection":[{"href":"https:\/\/laserenaradio.cl\/web\/wp-json\/wp\/v2\/posts"}],"about":[{"href":"https:\/\/laserenaradio.cl\/web\/wp-json\/wp\/v2\/types\/post"}],"author":[{"embeddable":true,"href":"https:\/\/laserenaradio.cl\/web\/wp-json\/wp\/v2\/users\/2"}],"replies":[{"embeddable":true,"href":"https:\/\/laserenaradio.cl\/web\/wp-json\/wp\/v2\/comments?post=22830"}],"version-history":[{"count":1,"href":"https:\/\/laserenaradio.cl\/web\/wp-json\/wp\/v2\/posts\/22830\/revisions"}],"predecessor-version":[{"id":22831,"href":"https:\/\/laserenaradio.cl\/web\/wp-json\/wp\/v2\/posts\/22830\/revisions\/22831"}],"wp:featuredmedia":[{"embeddable":true,"href":"https:\/\/laserenaradio.cl\/web\/wp-json\/wp\/v2\/media\/9076"}],"wp:attachment":[{"href":"https:\/\/laserenaradio.cl\/web\/wp-json\/wp\/v2\/media?parent=22830"}],"wp:term":[{"taxonomy":"category","embeddable":true,"href":"https:\/\/laserenaradio.cl\/web\/wp-json\/wp\/v2\/categories?post=22830"},{"taxonomy":"post_tag","embeddable":true,"href":"https:\/\/laserenaradio.cl\/web\/wp-json\/wp\/v2\/tags?post=22830"}],"curies":[{"name":"wp","href":"https:\/\/api.w.org\/{rel}","templated":true}]}}