{"id":22817,"date":"2026-01-21T14:54:54","date_gmt":"2026-01-21T17:54:54","guid":{"rendered":"https:\/\/laserenaradio.cl\/web\/?p=22817"},"modified":"2026-01-21T14:54:54","modified_gmt":"2026-01-21T17:54:54","slug":"boric-cualquier-agresion-a-bomberos-es-inaceptable","status":"publish","type":"post","link":"https:\/\/laserenaradio.cl\/web\/2026\/01\/21\/boric-cualquier-agresion-a-bomberos-es-inaceptable\/","title":{"rendered":"Boric: &#8220;Cualquier agresi\u00f3n a Bomberos es inaceptable&#8221;"},"content":{"rendered":"<p>El presidente Gabriel Boric valor\u00f3 la gesti\u00f3n de <a href=\"https:\/\/www.bomberos.cl\/\">Bomberos<\/a> en el marco de los incendios forestales que afectan a las regiones de \u00d1uble, B\u00edo B\u00edo y La Araucan\u00eda.<\/p>\n<p>Cualquier agresi\u00f3n a <a href=\"https:\/\/www.bomberos.cl\/\">Bomberos<\/a> es absolutamente inaceptable, merece el repudio de la sociedad entera. Lo di\u00f3 ayer en la regi\u00f3n de La Araucan\u00eda, que las personas que agredan a <a href=\"https:\/\/www.bomberos.cl\/\">Bomberos<\/a> van a ser identificadas y van a ser castigadas con todo el peso de la ley.<\/p>\n<p>Durante la jornada de ayer, se inform\u00f3 de una agresi\u00f3n a voluntarios de <a href=\"https:\/\/www.bomberos.cl\/\">Bomberos<\/a> mientras combat\u00edan un incendio en el sector Puente 3, a la altura de Las Pataguas, en Concepci\u00f3n.<\/p>\n<p>Sin embargo, el contraalmirante Edgardo Acevedo, jefe de la Defensa Nacional del B\u00edo B\u00edo, inform\u00f3 que &#8220;el ataque est\u00e1 en proceso de an\u00e1lisis, pero el ataque en s\u00ed no existi\u00f3, seg\u00fan los antecedentes que nosotros tenemos&#8221;.<\/p>\n<p>Seg\u00fan expuso, la denuncia de <a href=\"https:\/\/www.bomberos.cl\/\">Bomberos<\/a> es que escucharon ruidos que &#8220;a su parecer podr\u00edan ser identificados como disparos&#8221;.<\/p>\n<p>El jefe de Estado se\u00f1al\u00f3 que lo sucedido en Concepci\u00f3n, &#8220;no fue una agresi\u00f3n directa a <a href=\"https:\/\/www.bomberos.cl\/\">Bomberos<\/a>, pero de todas maneras, <a href=\"https:\/\/www.bomberos.cl\/\">Bomberos<\/a> son nuestros h\u00e9roes, <a href=\"https:\/\/www.bomberos.cl\/\">Bomberos<\/a> son voluntarios que se est\u00e1n sacrificando al m\u00e1ximo&#8221;.<\/p>\n<p>Entonces, muchas veces, los vecinos no tienen por qu\u00e9 entender las decisiones que toma <a href=\"https:\/\/www.bomberos.cl\/\">Bomberos<\/a>, pero las decisiones que toman <a href=\"https:\/\/www.bomberos.cl\/\">Bomberos<\/a> tienen una l\u00f3gica. Entonces yo les pido que respeten, que respeten las decisiones que toman las instituciones.<\/p>\n","protected":false},"excerpt":{"rendered":"<p>El presidente Gabriel Boric valor\u00f3 la gesti\u00f3n de Bomberos en el marco de los incendios forestales que afectan a las regiones de \u00d1uble, B\u00edo B\u00edo y La Araucan\u00eda. Cualquier agresi\u00f3n a Bomberos es absolutamente inaceptable, merece el repudio de la sociedad entera. Lo di\u00f3 ayer en la regi\u00f3n de La Araucan\u00eda, que las personas que [&hellip;]<\/p>\n","protected":false},"author":2,"featured_media":22816,"comment_status":"closed","ping_status":"open","sticky":false,"template":"","format":"standard","meta":{"_jetpack_memberships_contains_paid_content":false,"jnews-multi-image_gallery":[],"jnews_single_post":[],"jnews_primary_category":[],"jnews_social_meta":[],"jnews_paywall_metabox":[],"jnews_review":[],"enable_review":"","type":"","name":"","summary":"","brand":"","sku":"","good":[],"bad":[],"score_override":"","override_value":"","rating":[],"price":[],"jnews_override_counter":[],"jnews_post_split":[],"footnotes":""},"categories":[21],"tags":[],"class_list":["post-22817","post","type-post","status-publish","format-standard","has-post-thumbnail","hentry","category-nacional"],"jetpack_featured_media_url":"https:\/\/laserenaradio.cl\/web\/wp-content\/uploads\/2026\/01\/mediapiaiextstaticimg_webpBoricCualquier_0.webp","jetpack_sharing_enabled":true,"_links":{"self":[{"href":"https:\/\/laserenaradio.cl\/web\/wp-json\/wp\/v2\/posts\/22817","targetHints":{"allow":["GET"]}}],"collection":[{"href":"https:\/\/laserenaradio.cl\/web\/wp-json\/wp\/v2\/posts"}],"about":[{"href":"https:\/\/laserenaradio.cl\/web\/wp-json\/wp\/v2\/types\/post"}],"author":[{"embeddable":true,"href":"https:\/\/laserenaradio.cl\/web\/wp-json\/wp\/v2\/users\/2"}],"replies":[{"embeddable":true,"href":"https:\/\/laserenaradio.cl\/web\/wp-json\/wp\/v2\/comments?post=22817"}],"version-history":[{"count":1,"href":"https:\/\/laserenaradio.cl\/web\/wp-json\/wp\/v2\/posts\/22817\/revisions"}],"predecessor-version":[{"id":22818,"href":"https:\/\/laserenaradio.cl\/web\/wp-json\/wp\/v2\/posts\/22817\/revisions\/22818"}],"wp:featuredmedia":[{"embeddable":true,"href":"https:\/\/laserenaradio.cl\/web\/wp-json\/wp\/v2\/media\/22816"}],"wp:attachment":[{"href":"https:\/\/laserenaradio.cl\/web\/wp-json\/wp\/v2\/media?parent=22817"}],"wp:term":[{"taxonomy":"category","embeddable":true,"href":"https:\/\/laserenaradio.cl\/web\/wp-json\/wp\/v2\/categories?post=22817"},{"taxonomy":"post_tag","embeddable":true,"href":"https:\/\/laserenaradio.cl\/web\/wp-json\/wp\/v2\/tags?post=22817"}],"curies":[{"name":"wp","href":"https:\/\/api.w.org\/{rel}","templated":true}]}}