{"id":22804,"date":"2026-01-20T23:18:01","date_gmt":"2026-01-21T02:18:01","guid":{"rendered":"https:\/\/laserenaradio.cl\/web\/?p=22804"},"modified":"2026-01-20T23:18:01","modified_gmt":"2026-01-21T02:18:01","slug":"gobierno-entrega-bonos-a-damnificados-por-incendios-forestales","status":"publish","type":"post","link":"https:\/\/laserenaradio.cl\/web\/2026\/01\/20\/gobierno-entrega-bonos-a-damnificados-por-incendios-forestales\/","title":{"rendered":"Gobierno entrega bonos a damnificados por incendios forestales."},"content":{"rendered":"<p>El Gobierno anunci\u00f3 este martes la entrega de bonos para los damnificados por incendios forestales en B\u00edo B\u00edo y \u00d1uble. \u00c1lvaro Elizalde, ministro del Interior, inform\u00f3 sobre estas ayudas monetarias en un balance del <a href=\"http:\/\/www.senapred.cl\">Senapred<\/a>.<\/p>\n<p>Quiero destacar que se est\u00e1 haciendo esfuerzo desde el primer momento para llegar a todas las chilenas y chilenos afectados por estos incendios. En ese contexto, ha sesionado el comit\u00e9 de ayudas tempranas y se ha resuelto avanzar en la entrega del bono de recuperaci\u00f3n.<\/p>\n<p>Este bono tendr\u00e1 dos tramos: $1.500.000 para la afectaci\u00f3n alta y $750.000 para la afectaci\u00f3n media. Para acceder a este beneficio, es requisito contar con la Ficha B\u00e1sica de Emergencia (FIBE), que se realiza a trav\u00e9s de un dep\u00f3sito \u00fanico en la cuenta RUT del jefe de hogar. Tambi\u00e9n puede ser cobrado de manera presencial en las sucursales del Banco Estado.<\/p>\n<p>Para aquellos que no cuenten con la ficha FIBE, se est\u00e1n desplegando equipos tanto de los municipios como el Ministerio de Desarrollo Social (Mideso) para cumplir con este requisito y constatar el nivel de afectaci\u00f3n. Asimismo, ya estamos llevando adelante lo que se llama la recuperaci\u00f3n temprana de infraestructura, liderada por el MOP.<\/p>\n<p>Esta tarea consiste en la remoci\u00f3n, retiro y disposici\u00f3n final de escombros. Ya tenemos dispuestos 37 m\u00e1quinas operativas en \u00d1uble y 74 en B\u00edo B\u00edo. Por otro lado, los equipos especializados se encuentran a la espera de la autorizaci\u00f3n para ingresar a las \u00e1reas donde se va a realizar esta tarea.<\/p>\n<p>Todav\u00eda hay \u00e1reas cuyo ingreso est\u00e1 prohibido, y a\u00fan se est\u00e1 realizando la b\u00fasqueda de cuerpos en el marco que est\u00e1 llevando adelante el Ministerio P\u00fablico, a trav\u00e9s de la <a href=\"https:\/\/www.pdichile.cl\/\">PDI<\/a> y con participaci\u00f3n del <a href=\"http:\/\/www.sml.gob.cl\/\">Servicio M\u00e9dico Legal<\/a> (SML).<\/p>\n","protected":false},"excerpt":{"rendered":"<p>El Gobierno anunci\u00f3 este martes la entrega de bonos para los damnificados por incendios forestales en B\u00edo B\u00edo y \u00d1uble. \u00c1lvaro Elizalde, ministro del Interior, inform\u00f3 sobre estas ayudas monetarias en un balance del Senapred. Quiero destacar que se est\u00e1 haciendo esfuerzo desde el primer momento para llegar a todas las chilenas y chilenos afectados [&hellip;]<\/p>\n","protected":false},"author":2,"featured_media":22803,"comment_status":"closed","ping_status":"open","sticky":false,"template":"","format":"standard","meta":{"_jetpack_memberships_contains_paid_content":false,"jnews-multi-image_gallery":[],"jnews_single_post":[],"jnews_primary_category":[],"jnews_social_meta":[],"jnews_paywall_metabox":[],"jnews_review":[],"enable_review":"","type":"","name":"","summary":"","brand":"","sku":"","good":[],"bad":[],"score_override":"","override_value":"","rating":[],"price":[],"jnews_override_counter":[],"jnews_post_split":[],"footnotes":""},"categories":[21],"tags":[],"class_list":["post-22804","post","type-post","status-publish","format-standard","has-post-thumbnail","hentry","category-nacional"],"jetpack_featured_media_url":"https:\/\/laserenaradio.cl\/web\/wp-content\/uploads\/2026\/01\/mediapiaiextstaticimg_webpincendiosbonosdamnificados_1.webp","jetpack_sharing_enabled":true,"_links":{"self":[{"href":"https:\/\/laserenaradio.cl\/web\/wp-json\/wp\/v2\/posts\/22804","targetHints":{"allow":["GET"]}}],"collection":[{"href":"https:\/\/laserenaradio.cl\/web\/wp-json\/wp\/v2\/posts"}],"about":[{"href":"https:\/\/laserenaradio.cl\/web\/wp-json\/wp\/v2\/types\/post"}],"author":[{"embeddable":true,"href":"https:\/\/laserenaradio.cl\/web\/wp-json\/wp\/v2\/users\/2"}],"replies":[{"embeddable":true,"href":"https:\/\/laserenaradio.cl\/web\/wp-json\/wp\/v2\/comments?post=22804"}],"version-history":[{"count":1,"href":"https:\/\/laserenaradio.cl\/web\/wp-json\/wp\/v2\/posts\/22804\/revisions"}],"predecessor-version":[{"id":22805,"href":"https:\/\/laserenaradio.cl\/web\/wp-json\/wp\/v2\/posts\/22804\/revisions\/22805"}],"wp:featuredmedia":[{"embeddable":true,"href":"https:\/\/laserenaradio.cl\/web\/wp-json\/wp\/v2\/media\/22803"}],"wp:attachment":[{"href":"https:\/\/laserenaradio.cl\/web\/wp-json\/wp\/v2\/media?parent=22804"}],"wp:term":[{"taxonomy":"category","embeddable":true,"href":"https:\/\/laserenaradio.cl\/web\/wp-json\/wp\/v2\/categories?post=22804"},{"taxonomy":"post_tag","embeddable":true,"href":"https:\/\/laserenaradio.cl\/web\/wp-json\/wp\/v2\/tags?post=22804"}],"curies":[{"name":"wp","href":"https:\/\/api.w.org\/{rel}","templated":true}]}}