{"id":22801,"date":"2026-01-20T23:14:12","date_gmt":"2026-01-21T02:14:12","guid":{"rendered":"https:\/\/laserenaradio.cl\/web\/?p=22801"},"modified":"2026-01-20T23:14:12","modified_gmt":"2026-01-21T02:14:12","slug":"alerta-roja-en-la-araucania-por-incendios-forestales","status":"publish","type":"post","link":"https:\/\/laserenaradio.cl\/web\/2026\/01\/20\/alerta-roja-en-la-araucania-por-incendios-forestales\/","title":{"rendered":"Alerta Roja en La Araucan\u00eda por incendios forestales."},"content":{"rendered":"<p>Un total de 13 incendios forestales persisten en combate en La Araucan\u00eda, donde 5 amenazan sectores poblados directamente. Por tal motivo, la regi\u00f3n se mantiene bajo Alerta Roja debido a la simultaneidad y las altas temperaturas que dificultan el control del fuego.<\/p>\n<p>De los incendios activos, 5 son de alta complejidad. Entre ellos destacan el de Santa Cruz\u2013Pan Grande en Collipulli, Alboyanco en Angol, Lingue Bajo en Lumaco, Bolilche en Nueva Imperial y Conoco Chico en Temuco, que ponen en riesgo viviendas.<\/p>\n<p>Frente a esta situaci\u00f3n, la ministra de Obras P\u00fablicas, Jessica L\u00f3pez, arrib\u00f3 a La Araucan\u00eda para coordinar asistencia ante la emergencia. L\u00f3pez enfatiz\u00f3 que la prioridad es proteger las vidas humanas.<\/p>\n<p>En tanto, el subsecretario del Interior, V\u00edctor Ramos, se\u00f1al\u00f3 que se est\u00e1n fortaleciendo las coordinaciones para enfrentar los incendios de manera m\u00e1s eficiente, reconociendo que la capacidad operativa est\u00e1 al l\u00edmite.<\/p>\n<p>A pesar de la compleja situaci\u00f3n, se confirm\u00f3 la llegada de nuevos recursos a La Araucan\u00eda. Entre ellos, tres brigadas de Conaf provenientes de Magallanes han arribado, y se mantienen gestiones para posibles brigadistas adicionales desde M\u00e9xico.<\/p>\n","protected":false},"excerpt":{"rendered":"<p>Un total de 13 incendios forestales persisten en combate en La Araucan\u00eda, donde 5 amenazan sectores poblados directamente. Por tal motivo, la regi\u00f3n se mantiene bajo Alerta Roja debido a la simultaneidad y las altas temperaturas que dificultan el control del fuego. De los incendios activos, 5 son de alta complejidad. Entre ellos destacan el [&hellip;]<\/p>\n","protected":false},"author":2,"featured_media":22800,"comment_status":"closed","ping_status":"open","sticky":false,"template":"","format":"standard","meta":{"_jetpack_memberships_contains_paid_content":false,"jnews-multi-image_gallery":[],"jnews_single_post":[],"jnews_primary_category":[],"jnews_social_meta":[],"jnews_paywall_metabox":[],"jnews_review":[],"enable_review":"","type":"","name":"","summary":"","brand":"","sku":"","good":[],"bad":[],"score_override":"","override_value":"","rating":[],"price":[],"jnews_override_counter":[],"jnews_post_split":[],"footnotes":""},"categories":[21],"tags":[],"class_list":["post-22801","post","type-post","status-publish","format-standard","has-post-thumbnail","hentry","category-nacional"],"jetpack_featured_media_url":"https:\/\/laserenaradio.cl\/web\/wp-content\/uploads\/2026\/01\/mediapiaiextstaticimg_webpincendiosforestalesAlertaRojaellos_0.webp","jetpack_sharing_enabled":true,"_links":{"self":[{"href":"https:\/\/laserenaradio.cl\/web\/wp-json\/wp\/v2\/posts\/22801","targetHints":{"allow":["GET"]}}],"collection":[{"href":"https:\/\/laserenaradio.cl\/web\/wp-json\/wp\/v2\/posts"}],"about":[{"href":"https:\/\/laserenaradio.cl\/web\/wp-json\/wp\/v2\/types\/post"}],"author":[{"embeddable":true,"href":"https:\/\/laserenaradio.cl\/web\/wp-json\/wp\/v2\/users\/2"}],"replies":[{"embeddable":true,"href":"https:\/\/laserenaradio.cl\/web\/wp-json\/wp\/v2\/comments?post=22801"}],"version-history":[{"count":1,"href":"https:\/\/laserenaradio.cl\/web\/wp-json\/wp\/v2\/posts\/22801\/revisions"}],"predecessor-version":[{"id":22802,"href":"https:\/\/laserenaradio.cl\/web\/wp-json\/wp\/v2\/posts\/22801\/revisions\/22802"}],"wp:featuredmedia":[{"embeddable":true,"href":"https:\/\/laserenaradio.cl\/web\/wp-json\/wp\/v2\/media\/22800"}],"wp:attachment":[{"href":"https:\/\/laserenaradio.cl\/web\/wp-json\/wp\/v2\/media?parent=22801"}],"wp:term":[{"taxonomy":"category","embeddable":true,"href":"https:\/\/laserenaradio.cl\/web\/wp-json\/wp\/v2\/categories?post=22801"},{"taxonomy":"post_tag","embeddable":true,"href":"https:\/\/laserenaradio.cl\/web\/wp-json\/wp\/v2\/tags?post=22801"}],"curies":[{"name":"wp","href":"https:\/\/api.w.org\/{rel}","templated":true}]}}