{"id":22788,"date":"2026-01-20T22:39:37","date_gmt":"2026-01-21T01:39:37","guid":{"rendered":"https:\/\/laserenaradio.cl\/web\/?p=22788"},"modified":"2026-01-20T22:39:37","modified_gmt":"2026-01-21T01:39:37","slug":"boric-se-compromete-a-iniciar-procesos-de-reconstruccion-tras-incendios-forestales","status":"publish","type":"post","link":"https:\/\/laserenaradio.cl\/web\/2026\/01\/20\/boric-se-compromete-a-iniciar-procesos-de-reconstruccion-tras-incendios-forestales\/","title":{"rendered":"Boric se compromete a iniciar procesos de reconstrucci\u00f3n tras incendios forestales"},"content":{"rendered":"<p>En su visita a La Araucan\u00eda, presidente Gabriel Boric respondi\u00f3 a las propuestas del alcalde Rodrigo Vera. Este pidi\u00f3 \u201ctecho en 30 d\u00edas\u201d para la regi\u00f3n afectada por incendios forestales.<\/p>\n<p>La carta de Vera aborda la necesidad urgente de una respuesta inmediata y un proceso de reconstrucci\u00f3n eficaz, coordinado y con enfoque territorial en las regiones de \u00d1uble, B\u00edo B\u00edo y La Araucan\u00eda.<\/p>\n<p>El jefe comunal destaca que su comunidad ha sido profundamente golpeada por los incendios. En el escrito, Vera propone soluciones para mitigar la tragedia humana, social y territorial causada por estos eventos naturales.<\/p>\n<p>Boric sostiene haber mantenido conversaciones constantes con Vera debido a la emergencia. Asegura que es crucial que el Ministerio P\u00fablico inicie las faenas de demolici\u00f3n una vez obtenida la certeza absoluta de seguridad.<\/p>\n<p>Adem\u00e1s, el presidente instruy\u00f3 la visita del subsecretario Danilo N\u00fa\u00f1ez para garantizar la disponibilidad de maquinaria y comenzar con el proceso de reconstrucci\u00f3n en los sectores m\u00e1s afectados.<\/p>\n","protected":false},"excerpt":{"rendered":"<p>En su visita a La Araucan\u00eda, presidente Gabriel Boric respondi\u00f3 a las propuestas del alcalde Rodrigo Vera. Este pidi\u00f3 \u201ctecho en 30 d\u00edas\u201d para la regi\u00f3n afectada por incendios forestales. La carta de Vera aborda la necesidad urgente de una respuesta inmediata y un proceso de reconstrucci\u00f3n eficaz, coordinado y con enfoque territorial en las [&hellip;]<\/p>\n","protected":false},"author":2,"featured_media":9076,"comment_status":"closed","ping_status":"open","sticky":false,"template":"","format":"standard","meta":{"_jetpack_memberships_contains_paid_content":false,"jnews-multi-image_gallery":[],"jnews_single_post":[],"jnews_primary_category":[],"jnews_social_meta":[],"jnews_paywall_metabox":[],"jnews_review":[],"enable_review":"","type":"","name":"","summary":"","brand":"","sku":"","good":[],"bad":[],"score_override":"","override_value":"","rating":[],"price":[],"jnews_override_counter":[],"jnews_post_split":[],"footnotes":""},"categories":[21],"tags":[],"class_list":["post-22788","post","type-post","status-publish","format-standard","has-post-thumbnail","hentry","category-nacional"],"jetpack_featured_media_url":"https:\/\/laserenaradio.cl\/web\/wp-content\/uploads\/2024\/12\/laserenaradio_nacional.webp","jetpack_sharing_enabled":true,"_links":{"self":[{"href":"https:\/\/laserenaradio.cl\/web\/wp-json\/wp\/v2\/posts\/22788","targetHints":{"allow":["GET"]}}],"collection":[{"href":"https:\/\/laserenaradio.cl\/web\/wp-json\/wp\/v2\/posts"}],"about":[{"href":"https:\/\/laserenaradio.cl\/web\/wp-json\/wp\/v2\/types\/post"}],"author":[{"embeddable":true,"href":"https:\/\/laserenaradio.cl\/web\/wp-json\/wp\/v2\/users\/2"}],"replies":[{"embeddable":true,"href":"https:\/\/laserenaradio.cl\/web\/wp-json\/wp\/v2\/comments?post=22788"}],"version-history":[{"count":1,"href":"https:\/\/laserenaradio.cl\/web\/wp-json\/wp\/v2\/posts\/22788\/revisions"}],"predecessor-version":[{"id":22789,"href":"https:\/\/laserenaradio.cl\/web\/wp-json\/wp\/v2\/posts\/22788\/revisions\/22789"}],"wp:featuredmedia":[{"embeddable":true,"href":"https:\/\/laserenaradio.cl\/web\/wp-json\/wp\/v2\/media\/9076"}],"wp:attachment":[{"href":"https:\/\/laserenaradio.cl\/web\/wp-json\/wp\/v2\/media?parent=22788"}],"wp:term":[{"taxonomy":"category","embeddable":true,"href":"https:\/\/laserenaradio.cl\/web\/wp-json\/wp\/v2\/categories?post=22788"},{"taxonomy":"post_tag","embeddable":true,"href":"https:\/\/laserenaradio.cl\/web\/wp-json\/wp\/v2\/tags?post=22788"}],"curies":[{"name":"wp","href":"https:\/\/api.w.org\/{rel}","templated":true}]}}