{"id":22783,"date":"2026-01-20T20:23:38","date_gmt":"2026-01-20T23:23:38","guid":{"rendered":"https:\/\/laserenaradio.cl\/web\/?p=22783"},"modified":"2026-01-20T20:23:38","modified_gmt":"2026-01-20T23:23:38","slug":"incendios-forestales-activos-en-chile-alcanzan-los-30","status":"publish","type":"post","link":"https:\/\/laserenaradio.cl\/web\/2026\/01\/20\/incendios-forestales-activos-en-chile-alcanzan-los-30\/","title":{"rendered":"Incendios forestales activos en Chile alcanzan los 30"},"content":{"rendered":"<p>La Corporaci\u00f3n Nacional Forestal (Conaf) present\u00f3 el balance de los incendios forestales activos en Chile, informando que 30 siguen en combate hasta las 19:00 horas del martes 20 de enero. A trav\u00e9s de su cuenta de X, Conaf precis\u00f3 la afectaci\u00f3n preliminar de cada uno de los incendios con alerta roja, ubicados en las regiones del Maule, O\u2019Higgins, La Araucan\u00eda, B\u00edo B\u00edo y \u00d1uble.<\/p>\n<p>En O\u2019Higgins, el \u201cIncendio Camino Las Lomas\u201d mantiene con alerta roja comunal a Mostazal, con una superficie preliminar de 37,7 hect\u00e1reas afectadas. En tanto, en la regi\u00f3n del Maule, el \u201cIncendio Curacura\u201d tiene con alerta roja comunal a Retiro, con una superficie preliminar de 15 hect\u00e1reas comprometidas.<\/p>\n<p>El \u00d1uble registra una situaci\u00f3n a\u00fan m\u00e1s cr\u00edtica, con alerta roja regional debido a cuatro incendios forestales. B\u00edo B\u00edo tambi\u00e9n est\u00e1 en estado de alarma con alerta roja por tres siniestros de gran escala, mientras que La Araucan\u00eda mantiene la alerta roja regional por cinco incendios.<\/p>\n<p>Durante la tarde, Conaf inform\u00f3 que sus brigadas y las de otras instituciones como <a href=\"https:\/\/www.bomberos.cl\/\">Bomberos<\/a>, <a href=\"https:\/\/www.carabineros.cl\/\">Carabineros<\/a>, <a href=\"https:\/\/www.pdichile.cl\/\">PDI<\/a> y Fuerzas Armadas siguen desplegados en terreno, trabajando principalmente en \u00d1uble, B\u00edo B\u00edo y La Araucan\u00eda.<\/p>\n","protected":false},"excerpt":{"rendered":"<p>La Corporaci\u00f3n Nacional Forestal (Conaf) present\u00f3 el balance de los incendios forestales activos en Chile, informando que 30 siguen en combate hasta las 19:00 horas del martes 20 de enero. A trav\u00e9s de su cuenta de X, Conaf precis\u00f3 la afectaci\u00f3n preliminar de cada uno de los incendios con alerta roja, ubicados en las regiones [&hellip;]<\/p>\n","protected":false},"author":2,"featured_media":22782,"comment_status":"closed","ping_status":"open","sticky":false,"template":"","format":"standard","meta":{"_jetpack_memberships_contains_paid_content":false,"jnews-multi-image_gallery":[],"jnews_single_post":[],"jnews_primary_category":[],"jnews_social_meta":[],"jnews_paywall_metabox":[],"jnews_review":[],"enable_review":"","type":"","name":"","summary":"","brand":"","sku":"","good":[],"bad":[],"score_override":"","override_value":"","rating":[],"price":[],"jnews_override_counter":[],"jnews_post_split":[],"footnotes":""},"categories":[21],"tags":[],"class_list":["post-22783","post","type-post","status-publish","format-standard","has-post-thumbnail","hentry","category-nacional"],"jetpack_featured_media_url":"https:\/\/laserenaradio.cl\/web\/wp-content\/uploads\/2026\/01\/mediapiaiextstaticimg_webpalertarojaincendiosConaf_1.webp","jetpack_sharing_enabled":true,"_links":{"self":[{"href":"https:\/\/laserenaradio.cl\/web\/wp-json\/wp\/v2\/posts\/22783","targetHints":{"allow":["GET"]}}],"collection":[{"href":"https:\/\/laserenaradio.cl\/web\/wp-json\/wp\/v2\/posts"}],"about":[{"href":"https:\/\/laserenaradio.cl\/web\/wp-json\/wp\/v2\/types\/post"}],"author":[{"embeddable":true,"href":"https:\/\/laserenaradio.cl\/web\/wp-json\/wp\/v2\/users\/2"}],"replies":[{"embeddable":true,"href":"https:\/\/laserenaradio.cl\/web\/wp-json\/wp\/v2\/comments?post=22783"}],"version-history":[{"count":1,"href":"https:\/\/laserenaradio.cl\/web\/wp-json\/wp\/v2\/posts\/22783\/revisions"}],"predecessor-version":[{"id":22784,"href":"https:\/\/laserenaradio.cl\/web\/wp-json\/wp\/v2\/posts\/22783\/revisions\/22784"}],"wp:featuredmedia":[{"embeddable":true,"href":"https:\/\/laserenaradio.cl\/web\/wp-json\/wp\/v2\/media\/22782"}],"wp:attachment":[{"href":"https:\/\/laserenaradio.cl\/web\/wp-json\/wp\/v2\/media?parent=22783"}],"wp:term":[{"taxonomy":"category","embeddable":true,"href":"https:\/\/laserenaradio.cl\/web\/wp-json\/wp\/v2\/categories?post=22783"},{"taxonomy":"post_tag","embeddable":true,"href":"https:\/\/laserenaradio.cl\/web\/wp-json\/wp\/v2\/tags?post=22783"}],"curies":[{"name":"wp","href":"https:\/\/api.w.org\/{rel}","templated":true}]}}