{"id":22780,"date":"2026-01-20T20:20:36","date_gmt":"2026-01-20T23:20:36","guid":{"rendered":"https:\/\/laserenaradio.cl\/web\/?p=22780"},"modified":"2026-01-20T20:20:36","modified_gmt":"2026-01-20T23:20:36","slug":"comienza-devolucion-de-sobrecostos-en-cuentas-de-electricidad","status":"publish","type":"post","link":"https:\/\/laserenaradio.cl\/web\/2026\/01\/20\/comienza-devolucion-de-sobrecostos-en-cuentas-de-electricidad\/","title":{"rendered":"Comienza devoluci\u00f3n de sobrecostos en cuentas de electricidad"},"content":{"rendered":"<p>En la pen\u00faltima semana de enero se habilit\u00f3 finalmente la v\u00eda para devolver los sobrecobros en exceso en las facturas de electricidad por parte de las empresas generadoras, debido a un error cometido por la Comisi\u00f3n Nacional de Energ\u00eda (CNE). Esto ocurre ya que aunque el 23 de diciembre pasado se oficializ\u00f3 la resoluci\u00f3n para restituir los sobrecargos por el fallo de Transelec, este martes se public\u00f3 en el Diario Oficial el decreto del <a href=\"http:\/\/www.energia.gob.cl\/\">Ministerio de Energ\u00eda<\/a> que fija los cargos del Precio de Nudo Promedio del primer semestre de 2026.<\/p>\n<p>Se inform\u00f3 el 13 de enero que el decreto hab\u00eda sido enviado al <a href=\"http:\/\/www.energia.gob.cl\/\">Ministerio de Energ\u00eda<\/a> a Contralor\u00eda el 21 de noviembre, pero segu\u00eda en estudio. Actores como Enel advert\u00edan que no pod\u00edan comenzar el proceso para controlar la expectativa respecto a una devoluci\u00f3n en enero.<\/p>\n<p>Finalmente, el 15 de enero, la Contralor\u00eda tom\u00f3 raz\u00f3n con los alcances del decreto, un hito que no estuvo exento de discusi\u00f3n. Contralor\u00eda hizo una prevenci\u00f3n sobre que no se aborda todo el per\u00edodo cuestionado, pero el Gobierno defendi\u00f3 que el acto completaba el proceso de restituci\u00f3n. Solo faltaba la publicaci\u00f3n del decreto en el Diario Oficial.<\/p>\n<p>&#8220;Tenemos una buena noticia&#8221;, dijo este martes el biministro de Econom\u00eda y Energ\u00eda, \u00c1lvaro Garc\u00eda. &#8220;Desde este mes comenzar\u00e1 la devoluci\u00f3n de los sobrecostos en las facturas de luz tal como lo anticipamos&#8221;. Agreg\u00f3 que &#8220;la restituci\u00f3n se ver\u00e1 a partir de enero y febrero, dependiendo de las fechas de facturaci\u00f3n de cada hogar&#8221;.<\/p>\n<p>En cuanto a las generadoras, deben devolver US$ 113 millones. El monto promedio mensual por hogar ser\u00e1 alrededor de $2 mil durante seis meses, considerando tanto lo que compete a las generadoras como a Transelec.<\/p>\n","protected":false},"excerpt":{"rendered":"<p>En la pen\u00faltima semana de enero se habilit\u00f3 finalmente la v\u00eda para devolver los sobrecobros en exceso en las facturas de electricidad por parte de las empresas generadoras, debido a un error cometido por la Comisi\u00f3n Nacional de Energ\u00eda (CNE). Esto ocurre ya que aunque el 23 de diciembre pasado se oficializ\u00f3 la resoluci\u00f3n para [&hellip;]<\/p>\n","protected":false},"author":2,"featured_media":9076,"comment_status":"closed","ping_status":"open","sticky":false,"template":"","format":"standard","meta":{"_jetpack_memberships_contains_paid_content":false,"jnews-multi-image_gallery":[],"jnews_single_post":[],"jnews_primary_category":[],"jnews_social_meta":[],"jnews_paywall_metabox":[],"jnews_review":[],"enable_review":"","type":"","name":"","summary":"","brand":"","sku":"","good":[],"bad":[],"score_override":"","override_value":"","rating":[],"price":[],"jnews_override_counter":[],"jnews_post_split":[],"footnotes":""},"categories":[21],"tags":[],"class_list":["post-22780","post","type-post","status-publish","format-standard","has-post-thumbnail","hentry","category-nacional"],"jetpack_featured_media_url":"https:\/\/laserenaradio.cl\/web\/wp-content\/uploads\/2024\/12\/laserenaradio_nacional.webp","jetpack_sharing_enabled":true,"_links":{"self":[{"href":"https:\/\/laserenaradio.cl\/web\/wp-json\/wp\/v2\/posts\/22780","targetHints":{"allow":["GET"]}}],"collection":[{"href":"https:\/\/laserenaradio.cl\/web\/wp-json\/wp\/v2\/posts"}],"about":[{"href":"https:\/\/laserenaradio.cl\/web\/wp-json\/wp\/v2\/types\/post"}],"author":[{"embeddable":true,"href":"https:\/\/laserenaradio.cl\/web\/wp-json\/wp\/v2\/users\/2"}],"replies":[{"embeddable":true,"href":"https:\/\/laserenaradio.cl\/web\/wp-json\/wp\/v2\/comments?post=22780"}],"version-history":[{"count":1,"href":"https:\/\/laserenaradio.cl\/web\/wp-json\/wp\/v2\/posts\/22780\/revisions"}],"predecessor-version":[{"id":22781,"href":"https:\/\/laserenaradio.cl\/web\/wp-json\/wp\/v2\/posts\/22780\/revisions\/22781"}],"wp:featuredmedia":[{"embeddable":true,"href":"https:\/\/laserenaradio.cl\/web\/wp-json\/wp\/v2\/media\/9076"}],"wp:attachment":[{"href":"https:\/\/laserenaradio.cl\/web\/wp-json\/wp\/v2\/media?parent=22780"}],"wp:term":[{"taxonomy":"category","embeddable":true,"href":"https:\/\/laserenaradio.cl\/web\/wp-json\/wp\/v2\/categories?post=22780"},{"taxonomy":"post_tag","embeddable":true,"href":"https:\/\/laserenaradio.cl\/web\/wp-json\/wp\/v2\/tags?post=22780"}],"curies":[{"name":"wp","href":"https:\/\/api.w.org\/{rel}","templated":true}]}}