{"id":22773,"date":"2026-01-19T13:53:28","date_gmt":"2026-01-19T16:53:28","guid":{"rendered":"https:\/\/laserenaradio.cl\/web\/?p=22773"},"modified":"2026-01-19T13:53:28","modified_gmt":"2026-01-19T16:53:28","slug":"cifra-de-fallecidos-tras-incendios-podria-aumentar-al-doble","status":"publish","type":"post","link":"https:\/\/laserenaradio.cl\/web\/2026\/01\/19\/cifra-de-fallecidos-tras-incendios-podria-aumentar-al-doble\/","title":{"rendered":"Cifra de fallecidos tras incendios podr\u00eda aumentar al doble"},"content":{"rendered":"<p>El alcalde de Concepci\u00f3n, H\u00e9ctor Mu\u00f1oz, indic\u00f3 este lunes que la cifra actual de 18 fallecidos a causa de los incendios forestales en la regi\u00f3n del B\u00edo B\u00edo podr\u00eda aumentar al doble. En conversaci\u00f3n con CNN Chile Radio, el jefe comunal manifest\u00f3 que tras conversaciones con el alcalde de Penco, Rodrigo Vera, cre\u00eda que la cifra precisada anteriormente aumentar\u00e1 durante este lunes y pr\u00f3ximos d\u00edas.<\/p>\n<p>Yo creo que puede ser m\u00e1s del doble. Esa es la informaci\u00f3n que tenemos. Tenemos buena retroalimentaci\u00f3n con el alcalde. Obviamente la situaci\u00f3n m\u00e1s lamentable son los fallecidos, que Concepci\u00f3n no los tiene, y por eso obviamente solidarizar harto con Penco, Lirqu\u00e9n, y esperemos que r\u00e1pidamente se den a conocer las cifras, se\u00f1al\u00f3 Mu\u00f1oz.<\/p>\n<p>En la regi\u00f3n del B\u00edo B\u00edo, la cifra yo s\u00e9 que va a aumentar en el sector de Lirqu\u00e9n. Yo habl\u00e9 con el alcalde. Hay una cifra que todav\u00eda no se ha dado a conocer porque est\u00e1n verific\u00e1ndola, pero por lo menos esa cifra va a aumentar significativamente de los 18 fallecidos que ya estaban bien identificados, enfatiz\u00f3 la autoridad.<\/p>\n<p>Asimismo, el alcalde confirm\u00f3 que hasta el momento no hab\u00eda fallecidos en Concepci\u00f3n, agregando, sin embargo, que eso es parte de un escenario que &#8220;puede ir cambiando&#8221;.<\/p>\n","protected":false},"excerpt":{"rendered":"<p>El alcalde de Concepci\u00f3n, H\u00e9ctor Mu\u00f1oz, indic\u00f3 este lunes que la cifra actual de 18 fallecidos a causa de los incendios forestales en la regi\u00f3n del B\u00edo B\u00edo podr\u00eda aumentar al doble. En conversaci\u00f3n con CNN Chile Radio, el jefe comunal manifest\u00f3 que tras conversaciones con el alcalde de Penco, Rodrigo Vera, cre\u00eda que la [&hellip;]<\/p>\n","protected":false},"author":2,"featured_media":22772,"comment_status":"closed","ping_status":"open","sticky":false,"template":"","format":"standard","meta":{"_jetpack_memberships_contains_paid_content":false,"jnews-multi-image_gallery":[],"jnews_single_post":[],"jnews_primary_category":[],"jnews_social_meta":[],"jnews_paywall_metabox":[],"jnews_review":[],"enable_review":"","type":"","name":"","summary":"","brand":"","sku":"","good":[],"bad":[],"score_override":"","override_value":"","rating":[],"price":[],"jnews_override_counter":[],"jnews_post_split":[],"footnotes":""},"categories":[21],"tags":[],"class_list":["post-22773","post","type-post","status-publish","format-standard","has-post-thumbnail","hentry","category-nacional"],"jetpack_featured_media_url":"https:\/\/laserenaradio.cl\/web\/wp-content\/uploads\/2026\/01\/mediapiaiextstaticimg_webpcifrafallecidosaumentar_0.webp","jetpack_sharing_enabled":true,"_links":{"self":[{"href":"https:\/\/laserenaradio.cl\/web\/wp-json\/wp\/v2\/posts\/22773","targetHints":{"allow":["GET"]}}],"collection":[{"href":"https:\/\/laserenaradio.cl\/web\/wp-json\/wp\/v2\/posts"}],"about":[{"href":"https:\/\/laserenaradio.cl\/web\/wp-json\/wp\/v2\/types\/post"}],"author":[{"embeddable":true,"href":"https:\/\/laserenaradio.cl\/web\/wp-json\/wp\/v2\/users\/2"}],"replies":[{"embeddable":true,"href":"https:\/\/laserenaradio.cl\/web\/wp-json\/wp\/v2\/comments?post=22773"}],"version-history":[{"count":1,"href":"https:\/\/laserenaradio.cl\/web\/wp-json\/wp\/v2\/posts\/22773\/revisions"}],"predecessor-version":[{"id":22774,"href":"https:\/\/laserenaradio.cl\/web\/wp-json\/wp\/v2\/posts\/22773\/revisions\/22774"}],"wp:featuredmedia":[{"embeddable":true,"href":"https:\/\/laserenaradio.cl\/web\/wp-json\/wp\/v2\/media\/22772"}],"wp:attachment":[{"href":"https:\/\/laserenaradio.cl\/web\/wp-json\/wp\/v2\/media?parent=22773"}],"wp:term":[{"taxonomy":"category","embeddable":true,"href":"https:\/\/laserenaradio.cl\/web\/wp-json\/wp\/v2\/categories?post=22773"},{"taxonomy":"post_tag","embeddable":true,"href":"https:\/\/laserenaradio.cl\/web\/wp-json\/wp\/v2\/tags?post=22773"}],"curies":[{"name":"wp","href":"https:\/\/api.w.org\/{rel}","templated":true}]}}