{"id":22770,"date":"2026-01-19T13:45:11","date_gmt":"2026-01-19T16:45:11","guid":{"rendered":"https:\/\/laserenaradio.cl\/web\/?p=22770"},"modified":"2026-01-19T13:45:11","modified_gmt":"2026-01-19T16:45:11","slug":"se-monitorea-un-incendio-forestal-cerca-de-una-carcel","status":"publish","type":"post","link":"https:\/\/laserenaradio.cl\/web\/2026\/01\/19\/se-monitorea-un-incendio-forestal-cerca-de-una-carcel\/","title":{"rendered":"Se monitorea un incendio forestal cerca de una c\u00e1rcel"},"content":{"rendered":"<p>Desde <a href=\"http:\/\/www.gendarmeria.gob.cl\/\">Gendarmer\u00eda<\/a> aseguraron que el incendio forestal en Concepci\u00f3n no representa un riesgo para la ex c\u00e1rcel El Manzano hasta ahora. La instituci\u00f3n inform\u00f3 a trav\u00e9s de un comunicado que est\u00e1n monitoreando el avance del incendio cerca del Complejo Penitenciario Biob\u00edo.<\/p>\n<p>Hasta este momento, el incendio forestal en la regi\u00f3n no amenaza la seguridad de la ex c\u00e1rcel El Manzano de Concepci\u00f3n. Sin embargo, se dispusieron medidas preventivas: se entregaron mascarillas a todos los internos y funcionarios para prevenir inhalaci\u00f3n de humo. Las visitas y entrega de encomiendas fueron suspendidas temporalmente debido a la contingencia.<\/p>\n<p>Las audiencias judiciales se realizan parcialmente en medio de la emergencia. La subdirectora operativa de la instituci\u00f3n, Mar\u00eda Ang\u00e9lica Aguirre, supervisa el desarrollo de la emergencia desde el terreno.<\/p>\n<p>Seg\u00fan Conaf, toda la regi\u00f3n del B\u00edo B\u00edo est\u00e1 bajo alerta roja. En Concepci\u00f3n, se combaten dos siniestros forestales: uno correspondiente al incendio Trinitarias que ha consumido 14.187 hect\u00e1reas y otro llamado Rancho Chico con 6.154 hect\u00e1reas de afectaci\u00f3n.<\/p>\n","protected":false},"excerpt":{"rendered":"<p>Desde Gendarmer\u00eda aseguraron que el incendio forestal en Concepci\u00f3n no representa un riesgo para la ex c\u00e1rcel El Manzano hasta ahora. La instituci\u00f3n inform\u00f3 a trav\u00e9s de un comunicado que est\u00e1n monitoreando el avance del incendio cerca del Complejo Penitenciario Biob\u00edo. Hasta este momento, el incendio forestal en la regi\u00f3n no amenaza la seguridad de [&hellip;]<\/p>\n","protected":false},"author":2,"featured_media":22769,"comment_status":"closed","ping_status":"open","sticky":false,"template":"","format":"standard","meta":{"_jetpack_memberships_contains_paid_content":false,"jnews-multi-image_gallery":[],"jnews_single_post":[],"jnews_primary_category":[],"jnews_social_meta":[],"jnews_paywall_metabox":[],"jnews_review":[],"enable_review":"","type":"","name":"","summary":"","brand":"","sku":"","good":[],"bad":[],"score_override":"","override_value":"","rating":[],"price":[],"jnews_override_counter":[],"jnews_post_split":[],"footnotes":""},"categories":[21],"tags":[],"class_list":["post-22770","post","type-post","status-publish","format-standard","has-post-thumbnail","hentry","category-nacional"],"jetpack_featured_media_url":"https:\/\/laserenaradio.cl\/web\/wp-content\/uploads\/2026\/01\/mediapiaiextstaticimg_webpincendioforestal_0.webp","jetpack_sharing_enabled":true,"_links":{"self":[{"href":"https:\/\/laserenaradio.cl\/web\/wp-json\/wp\/v2\/posts\/22770","targetHints":{"allow":["GET"]}}],"collection":[{"href":"https:\/\/laserenaradio.cl\/web\/wp-json\/wp\/v2\/posts"}],"about":[{"href":"https:\/\/laserenaradio.cl\/web\/wp-json\/wp\/v2\/types\/post"}],"author":[{"embeddable":true,"href":"https:\/\/laserenaradio.cl\/web\/wp-json\/wp\/v2\/users\/2"}],"replies":[{"embeddable":true,"href":"https:\/\/laserenaradio.cl\/web\/wp-json\/wp\/v2\/comments?post=22770"}],"version-history":[{"count":1,"href":"https:\/\/laserenaradio.cl\/web\/wp-json\/wp\/v2\/posts\/22770\/revisions"}],"predecessor-version":[{"id":22771,"href":"https:\/\/laserenaradio.cl\/web\/wp-json\/wp\/v2\/posts\/22770\/revisions\/22771"}],"wp:featuredmedia":[{"embeddable":true,"href":"https:\/\/laserenaradio.cl\/web\/wp-json\/wp\/v2\/media\/22769"}],"wp:attachment":[{"href":"https:\/\/laserenaradio.cl\/web\/wp-json\/wp\/v2\/media?parent=22770"}],"wp:term":[{"taxonomy":"category","embeddable":true,"href":"https:\/\/laserenaradio.cl\/web\/wp-json\/wp\/v2\/categories?post=22770"},{"taxonomy":"post_tag","embeddable":true,"href":"https:\/\/laserenaradio.cl\/web\/wp-json\/wp\/v2\/tags?post=22770"}],"curies":[{"name":"wp","href":"https:\/\/api.w.org\/{rel}","templated":true}]}}