{"id":22767,"date":"2026-01-19T13:42:50","date_gmt":"2026-01-19T16:42:50","guid":{"rendered":"https:\/\/laserenaradio.cl\/web\/?p=22767"},"modified":"2026-01-19T13:42:50","modified_gmt":"2026-01-19T16:42:50","slug":"familias-afectadas-por-incendios-forestales-en-chile-necesitamos-pararnos","status":"publish","type":"post","link":"https:\/\/laserenaradio.cl\/web\/2026\/01\/19\/familias-afectadas-por-incendios-forestales-en-chile-necesitamos-pararnos\/","title":{"rendered":"Familias afectadas por incendios forestales en Chile: &#8220;Necesitamos pararnos&#8221;"},"content":{"rendered":"<p>A medida que avanza la jornada del lunes 19 de enero, se conocen nuevas historias y testimonios de familias afectadas por los incendios forestales en las regiones del B\u00edo B\u00edo y \u00d1uble. En ese contexto, desde el matinal \u201cTu D\u00eda\u201d de Canal 13, recogieron el testimonio de una pobladora de Lirqu\u00e9n, zona devastada a causa de la fuerza del fuego, que consumi\u00f3 gran parte de las viviendas.<\/p>\n<p>Una de las afectadas por los recientes incendios fue Sandra, una vecina que relat\u00f3 a Jos\u00e9 Luis Repenning c\u00f3mo la tragedia la golpe\u00f3 por partida doble. Seg\u00fan relat\u00f3, en Navidad su hija sufri\u00f3 las consecuencias del fuego en Lirqu\u00e9n, por lo que qued\u00f3 sin casa y se fue a vivir con ella y su marido. Solo unas semanas despu\u00e9s de aquella terrible experiencia, como familia tuvieron que afrontar otra dificultad donde perdieron todo.<\/p>\n<p>Este fin de semana, el incendio forestal arras\u00f3 con la casa donde estaban viviendo junto a su hija. Pero eso no es todo, porque ese espacio tambi\u00e9n lo usaba como amasander\u00eda. As\u00ed, Sandra revel\u00f3 c\u00f3mo realmente ella y su familia se quedaron sin nada. Su hija perdi\u00f3 su casa, ella perdi\u00f3 su casa, y adem\u00e1s de todo, perdi\u00f3 el sustento econ\u00f3mico.<\/p>\n<p>\u201cViv\u00eda y trabajaba todo el d\u00eda aqu\u00ed. Con tanto esfuerzo saqu\u00e9 un cr\u00e9dito en el BancoEstado para comprar maquinaria y todav\u00eda tengo esa deuda\u201d, relat\u00f3 Sandra.<\/p>\n<p>\u201cMi hija perdi\u00f3 igual su casa hace un mes, no rescat\u00f3 ni una cuchara\u201d, explic\u00f3 y agreg\u00f3: \u201cLo perdimos todo, no tenemos nada, nada\u201d.<\/p>\n<p>Finalmente, la afectada hizo un llamado: \u201cYo le pido a todos los emprendedores que est\u00e1n vi\u00e9ndome que, por favor, si tienen alguna maquinaria vieja aunque sea, que nos regalen, por favor, porque de verdad necesitamos pararnos, porque es nuestro sustento\u201d.<\/p>\n","protected":false},"excerpt":{"rendered":"<p>A medida que avanza la jornada del lunes 19 de enero, se conocen nuevas historias y testimonios de familias afectadas por los incendios forestales en las regiones del B\u00edo B\u00edo y \u00d1uble. En ese contexto, desde el matinal \u201cTu D\u00eda\u201d de Canal 13, recogieron el testimonio de una pobladora de Lirqu\u00e9n, zona devastada a causa [&hellip;]<\/p>\n","protected":false},"author":2,"featured_media":9076,"comment_status":"closed","ping_status":"open","sticky":false,"template":"","format":"standard","meta":{"_jetpack_memberships_contains_paid_content":false,"jnews-multi-image_gallery":[],"jnews_single_post":[],"jnews_primary_category":[],"jnews_social_meta":[],"jnews_paywall_metabox":[],"jnews_review":[],"enable_review":"","type":"","name":"","summary":"","brand":"","sku":"","good":[],"bad":[],"score_override":"","override_value":"","rating":[],"price":[],"jnews_override_counter":[],"jnews_post_split":[],"footnotes":""},"categories":[21],"tags":[],"class_list":["post-22767","post","type-post","status-publish","format-standard","has-post-thumbnail","hentry","category-nacional"],"jetpack_featured_media_url":"https:\/\/laserenaradio.cl\/web\/wp-content\/uploads\/2024\/12\/laserenaradio_nacional.webp","jetpack_sharing_enabled":true,"_links":{"self":[{"href":"https:\/\/laserenaradio.cl\/web\/wp-json\/wp\/v2\/posts\/22767","targetHints":{"allow":["GET"]}}],"collection":[{"href":"https:\/\/laserenaradio.cl\/web\/wp-json\/wp\/v2\/posts"}],"about":[{"href":"https:\/\/laserenaradio.cl\/web\/wp-json\/wp\/v2\/types\/post"}],"author":[{"embeddable":true,"href":"https:\/\/laserenaradio.cl\/web\/wp-json\/wp\/v2\/users\/2"}],"replies":[{"embeddable":true,"href":"https:\/\/laserenaradio.cl\/web\/wp-json\/wp\/v2\/comments?post=22767"}],"version-history":[{"count":1,"href":"https:\/\/laserenaradio.cl\/web\/wp-json\/wp\/v2\/posts\/22767\/revisions"}],"predecessor-version":[{"id":22768,"href":"https:\/\/laserenaradio.cl\/web\/wp-json\/wp\/v2\/posts\/22767\/revisions\/22768"}],"wp:featuredmedia":[{"embeddable":true,"href":"https:\/\/laserenaradio.cl\/web\/wp-json\/wp\/v2\/media\/9076"}],"wp:attachment":[{"href":"https:\/\/laserenaradio.cl\/web\/wp-json\/wp\/v2\/media?parent=22767"}],"wp:term":[{"taxonomy":"category","embeddable":true,"href":"https:\/\/laserenaradio.cl\/web\/wp-json\/wp\/v2\/categories?post=22767"},{"taxonomy":"post_tag","embeddable":true,"href":"https:\/\/laserenaradio.cl\/web\/wp-json\/wp\/v2\/tags?post=22767"}],"curies":[{"name":"wp","href":"https:\/\/api.w.org\/{rel}","templated":true}]}}