{"id":22765,"date":"2026-01-19T12:32:15","date_gmt":"2026-01-19T15:32:15","guid":{"rendered":"https:\/\/laserenaradio.cl\/web\/?p=22765"},"modified":"2026-01-19T12:32:15","modified_gmt":"2026-01-19T15:32:15","slug":"alerta-sae-se-envio-con-tiempo-suficiente-en-penco","status":"publish","type":"post","link":"https:\/\/laserenaradio.cl\/web\/2026\/01\/19\/alerta-sae-se-envio-con-tiempo-suficiente-en-penco\/","title":{"rendered":"Alerta SAE se envi\u00f3 con tiempo suficiente en Penco"},"content":{"rendered":"<p>El gobernador regional del B\u00edo B\u00edo, Sergio Giacaman, asegur\u00f3 que la alerta SAE (Sistema de Alerta de Emergencia) se envi\u00f3 con tiempo suficiente para la evacuaci\u00f3n en Penco tras los incendios forestales que contin\u00faan azotando la regi\u00f3n. <\/p>\n<p>La velocidad del incendio fue realmente brutal y creci\u00f3 muy r\u00e1pido, debido a un alto contenido de residuos combustibles de incendios anteriores. Este factor, junto con altas temperaturas, baja humedad y fuertes vientos, complic\u00f3 la capacidad de respuesta ante la emergencia.<\/p>\n<p>Las condiciones clim\u00e1ticas de este lunes y martes son muy complejas, caracterizadas por altas temperaturas, baja humedad y fuerte viento. El gobernador enfatiz\u00f3 que el incendio no est\u00e1 controlado y podr\u00eda tener una evoluci\u00f3n a\u00fan m\u00e1s compleja.<\/p>\n<p>No hubo alertas de evacuaci\u00f3n anoche (madrugada del lunes), lo cual es un buen indicador, seg\u00fan Giacaman. Se activ\u00f3 el &#8220;protocolo Junaeb para las manipuladoras&#8221; y se proporcionaron alimentos preparados a las familias en albergues.<\/p>\n","protected":false},"excerpt":{"rendered":"<p>El gobernador regional del B\u00edo B\u00edo, Sergio Giacaman, asegur\u00f3 que la alerta SAE (Sistema de Alerta de Emergencia) se envi\u00f3 con tiempo suficiente para la evacuaci\u00f3n en Penco tras los incendios forestales que contin\u00faan azotando la regi\u00f3n. La velocidad del incendio fue realmente brutal y creci\u00f3 muy r\u00e1pido, debido a un alto contenido de residuos [&hellip;]<\/p>\n","protected":false},"author":2,"featured_media":22764,"comment_status":"closed","ping_status":"open","sticky":false,"template":"","format":"standard","meta":{"_jetpack_memberships_contains_paid_content":false,"jnews-multi-image_gallery":[],"jnews_single_post":[],"jnews_primary_category":[],"jnews_social_meta":[],"jnews_paywall_metabox":[],"jnews_review":[],"enable_review":"","type":"","name":"","summary":"","brand":"","sku":"","good":[],"bad":[],"score_override":"","override_value":"","rating":[],"price":[],"jnews_override_counter":[],"jnews_post_split":[],"footnotes":""},"categories":[21],"tags":[],"class_list":["post-22765","post","type-post","status-publish","format-standard","has-post-thumbnail","hentry","category-nacional"],"jetpack_featured_media_url":"https:\/\/laserenaradio.cl\/web\/wp-content\/uploads\/2026\/01\/mediapiaiextstaticimg_webpAlertaSAE_0.webp","jetpack_sharing_enabled":true,"_links":{"self":[{"href":"https:\/\/laserenaradio.cl\/web\/wp-json\/wp\/v2\/posts\/22765","targetHints":{"allow":["GET"]}}],"collection":[{"href":"https:\/\/laserenaradio.cl\/web\/wp-json\/wp\/v2\/posts"}],"about":[{"href":"https:\/\/laserenaradio.cl\/web\/wp-json\/wp\/v2\/types\/post"}],"author":[{"embeddable":true,"href":"https:\/\/laserenaradio.cl\/web\/wp-json\/wp\/v2\/users\/2"}],"replies":[{"embeddable":true,"href":"https:\/\/laserenaradio.cl\/web\/wp-json\/wp\/v2\/comments?post=22765"}],"version-history":[{"count":1,"href":"https:\/\/laserenaradio.cl\/web\/wp-json\/wp\/v2\/posts\/22765\/revisions"}],"predecessor-version":[{"id":22766,"href":"https:\/\/laserenaradio.cl\/web\/wp-json\/wp\/v2\/posts\/22765\/revisions\/22766"}],"wp:featuredmedia":[{"embeddable":true,"href":"https:\/\/laserenaradio.cl\/web\/wp-json\/wp\/v2\/media\/22764"}],"wp:attachment":[{"href":"https:\/\/laserenaradio.cl\/web\/wp-json\/wp\/v2\/media?parent=22765"}],"wp:term":[{"taxonomy":"category","embeddable":true,"href":"https:\/\/laserenaradio.cl\/web\/wp-json\/wp\/v2\/categories?post=22765"},{"taxonomy":"post_tag","embeddable":true,"href":"https:\/\/laserenaradio.cl\/web\/wp-json\/wp\/v2\/tags?post=22765"}],"curies":[{"name":"wp","href":"https:\/\/api.w.org\/{rel}","templated":true}]}}