{"id":22757,"date":"2026-01-19T12:23:21","date_gmt":"2026-01-19T15:23:21","guid":{"rendered":"https:\/\/laserenaradio.cl\/web\/?p=22757"},"modified":"2026-01-19T12:23:21","modified_gmt":"2026-01-19T15:23:21","slug":"la-politica-chilena-premia-la-reaccion-y-castiga-la-anticipacion","status":"publish","type":"post","link":"https:\/\/laserenaradio.cl\/web\/2026\/01\/19\/la-politica-chilena-premia-la-reaccion-y-castiga-la-anticipacion\/","title":{"rendered":"La pol\u00edtica chilena premia la reacci\u00f3n y castiga la anticipaci\u00f3n"},"content":{"rendered":"<p>Los incendios en \u00d1uble y B\u00edo B\u00edo han evidenciado la falta de acuerdos pol\u00edticos para la prevenci\u00f3n de cat\u00e1strofes en Chile, seg\u00fan Marco Moreno. El director del Centro Opini\u00f3n y Democracia de la Universidad Central se\u00f1ala que es un ciclo conocido que se repite cada verano, con reacciones tard\u00edas del Estado.<\/p>\n<p>Los incendios en las regiones de \u00d1uble y B\u00edo B\u00edo, adem\u00e1s de causar devastaci\u00f3n y v\u00edctimas mortales, nuevamente habr\u00edan dejado al descubierto un problema de la pol\u00edtica chilena: no lograr acuerdos para la prevenci\u00f3n de cat\u00e1strofes. As\u00ed lo plante\u00f3 Marco Moreno, director del Centro Opini\u00f3n y Democracia de la Universidad Central, quien dijo que \u201ccada verano en Chile decimos lo mismo: \u2018Esto no va a volver a pasar\u2019. Sin embargo, vuelve a pasar. Los incendios en B\u00edo B\u00edo y \u00d1uble no son una sorpresa, son parte de un ciclo que ya conocemos\u201d.<\/p>\n<p>En ese sentido, en conversaci\u00f3n con el Expreso B\u00edo B\u00edo, se pregunt\u00f3 \u201c\u00bfpor qu\u00e9 seguimos llegando tarde?\u201d. \u201cChile reacciona relativamente bien cuando el incendio ya se activ\u00f3: hay coordinaciones, recursos, presencia de autoridades, incluso cooperaci\u00f3n entre el Presidente Gabriel Boric y el presidente electo, Jos\u00e9 Antonio Kast (\u2026) El Estado chileno funciona mejor cuando la emergencia ya explot\u00f3\u201d, sigui\u00f3.<\/p>\n<p>Por el contrario, lament\u00f3 que \u201ca partir de marzo, este tema deja de ser noticia y esperamos 10 meses, hasta que volvamos a tener un incendio\u201d. Frente a esta situaci\u00f3n, volvi\u00f3 a preguntar: \u201c\u00bfPor qu\u00e9 la pol\u00edtica no se pone de acuerdo para poder generar capacidad de anticipaci\u00f3n?\u201d.<\/p>\n<p>\u201cLa prevenci\u00f3n es pol\u00edticamente invisible; nadie pierde elecciones por no prevenir un incendio que nunca ocurri\u00f3. Pero muchos ganan visibilidad gestionando una crisis cuando ya est\u00e1 desatada; todos se pegan codazos para salir en la cobertura de prensa, todos quieren aparecer jugando un rol en c\u00f3mo se maneja la cat\u00e1strofe\u201d, agreg\u00f3.<\/p>\n<p>En esa l\u00ednea, Moreno asegur\u00f3 que \u201cel sistema pol\u00edtico chileno premia la reacci\u00f3n y castiga la anticipaci\u00f3n\u2026 prevenir implica costos hoy y beneficios ma\u00f1ana, y la pol\u00edtica suele pensar en el corto plazo\u201d. El problema no son los incendios; los incendios son la consecuencia de que no haya regulaci\u00f3n ni control.<\/p>\n","protected":false},"excerpt":{"rendered":"<p>Los incendios en \u00d1uble y B\u00edo B\u00edo han evidenciado la falta de acuerdos pol\u00edticos para la prevenci\u00f3n de cat\u00e1strofes en Chile, seg\u00fan Marco Moreno. El director del Centro Opini\u00f3n y Democracia de la Universidad Central se\u00f1ala que es un ciclo conocido que se repite cada verano, con reacciones tard\u00edas del Estado. Los incendios en las [&hellip;]<\/p>\n","protected":false},"author":2,"featured_media":22756,"comment_status":"closed","ping_status":"open","sticky":false,"template":"","format":"standard","meta":{"_jetpack_memberships_contains_paid_content":false,"jnews-multi-image_gallery":[],"jnews_single_post":[],"jnews_primary_category":[],"jnews_social_meta":[],"jnews_paywall_metabox":[],"jnews_review":[],"enable_review":"","type":"","name":"","summary":"","brand":"","sku":"","good":[],"bad":[],"score_override":"","override_value":"","rating":[],"price":[],"jnews_override_counter":[],"jnews_post_split":[],"footnotes":""},"categories":[21],"tags":[],"class_list":["post-22757","post","type-post","status-publish","format-standard","has-post-thumbnail","hentry","category-nacional"],"jetpack_featured_media_url":"https:\/\/laserenaradio.cl\/web\/wp-content\/uploads\/2026\/01\/mediapiaiextstaticimg_webpincendiosson_0.webp","jetpack_sharing_enabled":true,"_links":{"self":[{"href":"https:\/\/laserenaradio.cl\/web\/wp-json\/wp\/v2\/posts\/22757","targetHints":{"allow":["GET"]}}],"collection":[{"href":"https:\/\/laserenaradio.cl\/web\/wp-json\/wp\/v2\/posts"}],"about":[{"href":"https:\/\/laserenaradio.cl\/web\/wp-json\/wp\/v2\/types\/post"}],"author":[{"embeddable":true,"href":"https:\/\/laserenaradio.cl\/web\/wp-json\/wp\/v2\/users\/2"}],"replies":[{"embeddable":true,"href":"https:\/\/laserenaradio.cl\/web\/wp-json\/wp\/v2\/comments?post=22757"}],"version-history":[{"count":1,"href":"https:\/\/laserenaradio.cl\/web\/wp-json\/wp\/v2\/posts\/22757\/revisions"}],"predecessor-version":[{"id":22758,"href":"https:\/\/laserenaradio.cl\/web\/wp-json\/wp\/v2\/posts\/22757\/revisions\/22758"}],"wp:featuredmedia":[{"embeddable":true,"href":"https:\/\/laserenaradio.cl\/web\/wp-json\/wp\/v2\/media\/22756"}],"wp:attachment":[{"href":"https:\/\/laserenaradio.cl\/web\/wp-json\/wp\/v2\/media?parent=22757"}],"wp:term":[{"taxonomy":"category","embeddable":true,"href":"https:\/\/laserenaradio.cl\/web\/wp-json\/wp\/v2\/categories?post=22757"},{"taxonomy":"post_tag","embeddable":true,"href":"https:\/\/laserenaradio.cl\/web\/wp-json\/wp\/v2\/tags?post=22757"}],"curies":[{"name":"wp","href":"https:\/\/api.w.org\/{rel}","templated":true}]}}