{"id":22749,"date":"2026-01-18T18:42:53","date_gmt":"2026-01-18T21:42:53","guid":{"rendered":"https:\/\/laserenaradio.cl\/web\/?p=22749"},"modified":"2026-01-18T18:42:53","modified_gmt":"2026-01-18T21:42:53","slug":"fallecidos-por-incendios-forestales-en-chile-aumenta-a-18-personas","status":"publish","type":"post","link":"https:\/\/laserenaradio.cl\/web\/2026\/01\/18\/fallecidos-por-incendios-forestales-en-chile-aumenta-a-18-personas\/","title":{"rendered":"Fallecidos por incendios forestales en Chile aumenta a 18 personas"},"content":{"rendered":"<p>La tarde de este domingo, desde la regi\u00f3n del B\u00edo B\u00edo, el presidente Gabriel Boric inform\u00f3 que 18 personas han perdido la vida debido a los incendios forestales que afectan la zona centro-sur de Chile.<\/p>\n<p>Al respecto, el mandatario expres\u00f3: &#8220;Las condolencias a las personas que han perdido seres queridos en esta tragedia&#8221;.<\/p>\n<p>&#8220;Tenemos un n\u00famero confirmado hoy d\u00eda de 18 personas fallecidas&#8221;, declar\u00f3 Boric. Adem\u00e1s, subray\u00f3: &#8220;Desgraciadamente, tenemos la certeza de que ese n\u00famero va a aumentar&#8221;. <\/p>\n<p>En particular, los momentos son dif\u00edciles en Penco y tambi\u00e9n en sectores de Tom\u00e9, agreg\u00f3 el jefe de Estado.<\/p>\n","protected":false},"excerpt":{"rendered":"<p>La tarde de este domingo, desde la regi\u00f3n del B\u00edo B\u00edo, el presidente Gabriel Boric inform\u00f3 que 18 personas han perdido la vida debido a los incendios forestales que afectan la zona centro-sur de Chile. Al respecto, el mandatario expres\u00f3: &#8220;Las condolencias a las personas que han perdido seres queridos en esta tragedia&#8221;. &#8220;Tenemos un [&hellip;]<\/p>\n","protected":false},"author":2,"featured_media":9078,"comment_status":"closed","ping_status":"open","sticky":false,"template":"","format":"standard","meta":{"_jetpack_memberships_contains_paid_content":false,"jnews-multi-image_gallery":[],"jnews_single_post":[],"jnews_primary_category":[],"jnews_social_meta":[],"jnews_paywall_metabox":[],"jnews_review":[],"enable_review":"","type":"","name":"","summary":"","brand":"","sku":"","good":[],"bad":[],"score_override":"","override_value":"","rating":[],"price":[],"jnews_override_counter":[],"jnews_post_split":[],"footnotes":""},"categories":[21],"tags":[],"class_list":["post-22749","post","type-post","status-publish","format-standard","has-post-thumbnail","hentry","category-nacional"],"jetpack_featured_media_url":"https:\/\/laserenaradio.cl\/web\/wp-content\/uploads\/2024\/12\/laserenaradio_ultimo_minuto.webp","jetpack_sharing_enabled":true,"_links":{"self":[{"href":"https:\/\/laserenaradio.cl\/web\/wp-json\/wp\/v2\/posts\/22749","targetHints":{"allow":["GET"]}}],"collection":[{"href":"https:\/\/laserenaradio.cl\/web\/wp-json\/wp\/v2\/posts"}],"about":[{"href":"https:\/\/laserenaradio.cl\/web\/wp-json\/wp\/v2\/types\/post"}],"author":[{"embeddable":true,"href":"https:\/\/laserenaradio.cl\/web\/wp-json\/wp\/v2\/users\/2"}],"replies":[{"embeddable":true,"href":"https:\/\/laserenaradio.cl\/web\/wp-json\/wp\/v2\/comments?post=22749"}],"version-history":[{"count":1,"href":"https:\/\/laserenaradio.cl\/web\/wp-json\/wp\/v2\/posts\/22749\/revisions"}],"predecessor-version":[{"id":22750,"href":"https:\/\/laserenaradio.cl\/web\/wp-json\/wp\/v2\/posts\/22749\/revisions\/22750"}],"wp:featuredmedia":[{"embeddable":true,"href":"https:\/\/laserenaradio.cl\/web\/wp-json\/wp\/v2\/media\/9078"}],"wp:attachment":[{"href":"https:\/\/laserenaradio.cl\/web\/wp-json\/wp\/v2\/media?parent=22749"}],"wp:term":[{"taxonomy":"category","embeddable":true,"href":"https:\/\/laserenaradio.cl\/web\/wp-json\/wp\/v2\/categories?post=22749"},{"taxonomy":"post_tag","embeddable":true,"href":"https:\/\/laserenaradio.cl\/web\/wp-json\/wp\/v2\/tags?post=22749"}],"curies":[{"name":"wp","href":"https:\/\/api.w.org\/{rel}","templated":true}]}}