{"id":22747,"date":"2026-01-18T18:40:51","date_gmt":"2026-01-18T21:40:51","guid":{"rendered":"https:\/\/laserenaradio.cl\/web\/?p=22747"},"modified":"2026-01-18T18:40:51","modified_gmt":"2026-01-18T21:40:51","slug":"decretan-toque-de-queda-en-sectores-del-biobio-por-incendios-forestales","status":"publish","type":"post","link":"https:\/\/laserenaradio.cl\/web\/2026\/01\/18\/decretan-toque-de-queda-en-sectores-del-biobio-por-incendios-forestales\/","title":{"rendered":"Decretan Toque de queda en sectores del Biob\u00edo por incendios forestales"},"content":{"rendered":"<p>Tal como anunci\u00f3 el Gobierno, se implementar\u00e1 un toque de queda en los sectores de Lirqu\u00e9n, Penco, Nacimiento y Laja en la regi\u00f3n del Biob\u00edo debido a incendios forestales activos desde este s\u00e1bado. La medida empezar\u00e1 a las 19:00 horas en Lirqu\u00e9n, mientras que para Penco, Nacimiento y Laja, el toque de queda entrar\u00e1 en vigor desde las 20:00 horas hasta las 6:00 del lunes 19 de enero. <\/p>\n<p>En ambos casos, se proh\u00edbe la circulaci\u00f3n peatonal y vehicular, excepto para personal de <a href=\"https:\/\/www.bomberos.cl\/\">Bomberos<\/a>, CONAF, SEREMI de Previsi\u00f3n, <a href=\"http:\/\/www.sml.gob.cl\/\">Servicio M\u00e9dico Legal<\/a>, Asistencia de Salud, Policial, Militar, Municipal y otros servicios p\u00fablicos o privados involucrados en el control e implementaci\u00f3n del toque de queda.<\/p>\n<p>El director de Conaf en la regi\u00f3n del Biob\u00edo, Esteban Krause, report\u00f3 que ya son m\u00e1s de 18 mil hect\u00e1reas consumidas por los incendios. &#8220;La situaci\u00f3n es catastr\u00f3fica&#8221;, afirm\u00f3 Krause.<\/p>\n<p>Adem\u00e1s, el Gobierno confirm\u00f3 oficialmente la muerte de 16 personas a causa de los devastadores incendios forestales en Biob\u00edo y \u00d1uble. En la madrugada del domingo, el presidente Gabriel Boric decret\u00f3 estado de Cat\u00e1strofe para estas regiones.<\/p>\n<p>En horas de esta tarde, el presidente Boric visit\u00f3 Concepci\u00f3n para reunirse con autoridades locales e evaluar la situaci\u00f3n.<\/p>\n","protected":false},"excerpt":{"rendered":"<p>Tal como anunci\u00f3 el Gobierno, se implementar\u00e1 un toque de queda en los sectores de Lirqu\u00e9n, Penco, Nacimiento y Laja en la regi\u00f3n del Biob\u00edo debido a incendios forestales activos desde este s\u00e1bado. La medida empezar\u00e1 a las 19:00 horas en Lirqu\u00e9n, mientras que para Penco, Nacimiento y Laja, el toque de queda entrar\u00e1 en [&hellip;]<\/p>\n","protected":false},"author":2,"featured_media":22746,"comment_status":"closed","ping_status":"open","sticky":false,"template":"","format":"standard","meta":{"_jetpack_memberships_contains_paid_content":false,"jnews-multi-image_gallery":[],"jnews_single_post":[],"jnews_primary_category":[],"jnews_social_meta":[],"jnews_paywall_metabox":[],"jnews_review":[],"enable_review":"","type":"","name":"","summary":"","brand":"","sku":"","good":[],"bad":[],"score_override":"","override_value":"","rating":[],"price":[],"jnews_override_counter":[],"jnews_post_split":[],"footnotes":""},"categories":[21],"tags":[],"class_list":["post-22747","post","type-post","status-publish","format-standard","has-post-thumbnail","hentry","category-nacional"],"jetpack_featured_media_url":"https:\/\/laserenaradio.cl\/web\/wp-content\/uploads\/2026\/01\/mediapiaiextstaticimg_webpToqueBiobio_0.webp","jetpack_sharing_enabled":true,"_links":{"self":[{"href":"https:\/\/laserenaradio.cl\/web\/wp-json\/wp\/v2\/posts\/22747","targetHints":{"allow":["GET"]}}],"collection":[{"href":"https:\/\/laserenaradio.cl\/web\/wp-json\/wp\/v2\/posts"}],"about":[{"href":"https:\/\/laserenaradio.cl\/web\/wp-json\/wp\/v2\/types\/post"}],"author":[{"embeddable":true,"href":"https:\/\/laserenaradio.cl\/web\/wp-json\/wp\/v2\/users\/2"}],"replies":[{"embeddable":true,"href":"https:\/\/laserenaradio.cl\/web\/wp-json\/wp\/v2\/comments?post=22747"}],"version-history":[{"count":1,"href":"https:\/\/laserenaradio.cl\/web\/wp-json\/wp\/v2\/posts\/22747\/revisions"}],"predecessor-version":[{"id":22748,"href":"https:\/\/laserenaradio.cl\/web\/wp-json\/wp\/v2\/posts\/22747\/revisions\/22748"}],"wp:featuredmedia":[{"embeddable":true,"href":"https:\/\/laserenaradio.cl\/web\/wp-json\/wp\/v2\/media\/22746"}],"wp:attachment":[{"href":"https:\/\/laserenaradio.cl\/web\/wp-json\/wp\/v2\/media?parent=22747"}],"wp:term":[{"taxonomy":"category","embeddable":true,"href":"https:\/\/laserenaradio.cl\/web\/wp-json\/wp\/v2\/categories?post=22747"},{"taxonomy":"post_tag","embeddable":true,"href":"https:\/\/laserenaradio.cl\/web\/wp-json\/wp\/v2\/tags?post=22747"}],"curies":[{"name":"wp","href":"https:\/\/api.w.org\/{rel}","templated":true}]}}