{"id":22742,"date":"2026-01-18T18:29:27","date_gmt":"2026-01-18T21:29:27","guid":{"rendered":"https:\/\/laserenaradio.cl\/web\/?p=22742"},"modified":"2026-01-18T18:29:27","modified_gmt":"2026-01-18T21:29:27","slug":"comunas-de-valparaiso-envian-ayuda-al-sur-del-pais-por-megaincendio","status":"publish","type":"post","link":"https:\/\/laserenaradio.cl\/web\/2026\/01\/18\/comunas-de-valparaiso-envian-ayuda-al-sur-del-pais-por-megaincendio\/","title":{"rendered":"Comunas de Valpara\u00edso env\u00edan ayuda al sur del pa\u00eds por megaincendio"},"content":{"rendered":"<p>Con un amplio despliegue de personal t\u00e9cnico, equipamiento y carros de <a href=\"https:\/\/www.bomberos.cl\/\">Bomberos<\/a>, una serie de comunas de la regi\u00f3n de Valpara\u00edso salieron en ayuda de las regiones de \u00d1uble y el B\u00edo B\u00edo, por el megaincendio que afecta al sur del pa\u00eds. Las comunas de Valpara\u00edso, Quilpu\u00e9 y Los Andes ya enviaron personal t\u00e9cnico, brigadas forestales y equipamiento t\u00e9cnico.<\/p>\n<p>Una serie de unidades provinciales de las instituciones bomberiles est\u00e1n evaluando la disposici\u00f3n para continuar enviando refuerzos dentro de las pr\u00f3ximas horas y d\u00edas. En conversaci\u00f3n con el Director Regional de <a href=\"http:\/\/www.senapred.cl\">Senapred<\/a>, Christian Cardemil, fue entregado un amplio balance de todos los recursos a\u00e9reos y terrestres ya enviados, tanto desde el mismo servicio, como de <a href=\"https:\/\/www.bomberos.cl\/\">Bomberos<\/a> y de la Corporaci\u00f3n Nacional Forestal.<\/p>\n<p>El comandante de <a href=\"https:\/\/www.bomberos.cl\/\">Bomberos<\/a> de Valpara\u00edso, Vicente Maggiolo, inform\u00f3 que durante la noche del s\u00e1bado recibieron la alerta del Sistema Nacional de Operaciones de <a href=\"https:\/\/www.bomberos.cl\/\">Bomberos<\/a> de Chile, organismo que coordina las movilizaciones de los cuerpos bomberiles para casos de emergencias masivas. Al menos 30 bomberos de la ciudad puerto ya se desplegaron en la comuna de Quill\u00f3n, en la regi\u00f3n de \u00d1uble, poni\u00e9ndose a disposici\u00f3n del puesto de comando en la zona y moviliz\u00e1ndose seg\u00fan el comportamiento de las llamas.<\/p>\n<p>En la provincia de Marga Marga, la comuna de Quilpu\u00e9 ya envi\u00f3 patrullas y personal t\u00e9cnico durante la madrugada del s\u00e1bado y destin\u00f3 equipamiento a la comuna de Bulnes, lugar en donde fueron reportadas las primeras v\u00edctimas fatales de la tragedia.<\/p>\n<p>El comandante de bomberos de Villa Alemana, Luis Bernal, ratific\u00f3 la decisi\u00f3n de la comuna vecina y tambi\u00e9n se\u00f1al\u00f3 que a nivel provincial, est\u00e1n evaluando el env\u00edo de voluntarios, considerando que no se puede desproteger la capacidad de respuesta, en caso de emergencias en la zona.<\/p>\n<p>Balances nacionales muestran que entre las regiones de \u00d1uble y el B\u00edo B\u00edo, se desplegaron durante el domingo m\u00e1s de 3.000 voluntarios de bomberos de todo el pa\u00eds y se cuantifican 23 cuerpos de bomberos de cinco regiones, que se han mantenido en pleno combate de la emergencia.<\/p>\n","protected":false},"excerpt":{"rendered":"<p>Con un amplio despliegue de personal t\u00e9cnico, equipamiento y carros de Bomberos, una serie de comunas de la regi\u00f3n de Valpara\u00edso salieron en ayuda de las regiones de \u00d1uble y el B\u00edo B\u00edo, por el megaincendio que afecta al sur del pa\u00eds. Las comunas de Valpara\u00edso, Quilpu\u00e9 y Los Andes ya enviaron personal t\u00e9cnico, brigadas [&hellip;]<\/p>\n","protected":false},"author":2,"featured_media":22741,"comment_status":"closed","ping_status":"open","sticky":false,"template":"","format":"standard","meta":{"_jetpack_memberships_contains_paid_content":false,"jnews-multi-image_gallery":[],"jnews_single_post":[],"jnews_primary_category":[],"jnews_social_meta":[],"jnews_paywall_metabox":[],"jnews_review":[],"enable_review":"","type":"","name":"","summary":"","brand":"","sku":"","good":[],"bad":[],"score_override":"","override_value":"","rating":[],"price":[],"jnews_override_counter":[],"jnews_post_split":[],"footnotes":""},"categories":[21],"tags":[],"class_list":["post-22742","post","type-post","status-publish","format-standard","has-post-thumbnail","hentry","category-nacional"],"jetpack_featured_media_url":"https:\/\/laserenaradio.cl\/web\/wp-content\/uploads\/2026\/01\/mediapiaiextstaticimg_webpbomberosBomberosyacomuna_1.webp","jetpack_sharing_enabled":true,"_links":{"self":[{"href":"https:\/\/laserenaradio.cl\/web\/wp-json\/wp\/v2\/posts\/22742","targetHints":{"allow":["GET"]}}],"collection":[{"href":"https:\/\/laserenaradio.cl\/web\/wp-json\/wp\/v2\/posts"}],"about":[{"href":"https:\/\/laserenaradio.cl\/web\/wp-json\/wp\/v2\/types\/post"}],"author":[{"embeddable":true,"href":"https:\/\/laserenaradio.cl\/web\/wp-json\/wp\/v2\/users\/2"}],"replies":[{"embeddable":true,"href":"https:\/\/laserenaradio.cl\/web\/wp-json\/wp\/v2\/comments?post=22742"}],"version-history":[{"count":1,"href":"https:\/\/laserenaradio.cl\/web\/wp-json\/wp\/v2\/posts\/22742\/revisions"}],"predecessor-version":[{"id":22743,"href":"https:\/\/laserenaradio.cl\/web\/wp-json\/wp\/v2\/posts\/22742\/revisions\/22743"}],"wp:featuredmedia":[{"embeddable":true,"href":"https:\/\/laserenaradio.cl\/web\/wp-json\/wp\/v2\/media\/22741"}],"wp:attachment":[{"href":"https:\/\/laserenaradio.cl\/web\/wp-json\/wp\/v2\/media?parent=22742"}],"wp:term":[{"taxonomy":"category","embeddable":true,"href":"https:\/\/laserenaradio.cl\/web\/wp-json\/wp\/v2\/categories?post=22742"},{"taxonomy":"post_tag","embeddable":true,"href":"https:\/\/laserenaradio.cl\/web\/wp-json\/wp\/v2\/tags?post=22742"}],"curies":[{"name":"wp","href":"https:\/\/api.w.org\/{rel}","templated":true}]}}