{"id":22739,"date":"2026-01-18T18:25:47","date_gmt":"2026-01-18T21:25:47","guid":{"rendered":"https:\/\/laserenaradio.cl\/web\/?p=22739"},"modified":"2026-01-18T18:25:47","modified_gmt":"2026-01-18T21:25:47","slug":"la-municipalidad-de-la-serena-termino-18-patentes-de-alcoholes","status":"publish","type":"post","link":"https:\/\/laserenaradio.cl\/web\/2026\/01\/18\/la-municipalidad-de-la-serena-termino-18-patentes-de-alcoholes\/","title":{"rendered":"La Municipalidad de La Serena termin\u00f3 18 patentes de alcoholes"},"content":{"rendered":"<p>La <a href=\"http:\/\/www.laserena.cl\/\">Municipalidad de La Serena<\/a> ha tomado medidas significativas para mejorar la seguridad en la regi\u00f3n de Coquimbo. Finalmente se han anulado 18 patentes de alcoholes que no fueron renovadas recientemente ante el concejo comunal.<\/p>\n<p>Seg\u00fan la alcaldesa Daniela Norambuena, &#8220;el cese de algunas patentes es crucial para proteger a los vecinos y vecinas de La Serena. Tambi\u00e9n resalta la importancia de preservar el casco hist\u00f3rico de la ciudad&#8221;.<\/p>\n<p>Para esta ocasi\u00f3n, no se present\u00f3 a votaci\u00f3n del \u00f3rgano colegiado y se espera que se adopten medidas concretas en favor de una comunidad m\u00e1s segura.<\/p>\n<p>Nicole Guajardo, jefa de la secci\u00f3n de patentes comerciales, explic\u00f3 que entre las autorizaciones anuladas, hay algunos permisos que llevan un a\u00f1o sin ser utilizados o pagos. Algunos contribuyentes tienen su permiso, pero lo cierran por diversos motivos y no contin\u00faan con sus operaciones.<\/p>\n<p>La concejala Francisca Barahona agreg\u00f3: &#8220;Esta medida resalta la intenci\u00f3n de recuperar el casco hist\u00f3rico que estuvo abandonado durante anteriores administraciones&#8221;.<\/p>\n","protected":false},"excerpt":{"rendered":"<p>La Municipalidad de La Serena ha tomado medidas significativas para mejorar la seguridad en la regi\u00f3n de Coquimbo. Finalmente se han anulado 18 patentes de alcoholes que no fueron renovadas recientemente ante el concejo comunal. Seg\u00fan la alcaldesa Daniela Norambuena, &#8220;el cese de algunas patentes es crucial para proteger a los vecinos y vecinas de [&hellip;]<\/p>\n","protected":false},"author":2,"featured_media":22738,"comment_status":"closed","ping_status":"open","sticky":false,"template":"","format":"standard","meta":{"_jetpack_memberships_contains_paid_content":false,"jnews-multi-image_gallery":[],"jnews_single_post":[],"jnews_primary_category":[],"jnews_social_meta":[],"jnews_paywall_metabox":[],"jnews_review":[],"enable_review":"","type":"","name":"","summary":"","brand":"","sku":"","good":[],"bad":[],"score_override":"","override_value":"","rating":[],"price":[],"jnews_override_counter":[],"jnews_post_split":[],"footnotes":""},"categories":[21],"tags":[],"class_list":["post-22739","post","type-post","status-publish","format-standard","has-post-thumbnail","hentry","category-nacional"],"jetpack_featured_media_url":"https:\/\/laserenaradio.cl\/web\/wp-content\/uploads\/2026\/01\/mediapiaiextstaticimg_webppatentesmedidasalcoholesresalta_1.webp","jetpack_sharing_enabled":true,"_links":{"self":[{"href":"https:\/\/laserenaradio.cl\/web\/wp-json\/wp\/v2\/posts\/22739","targetHints":{"allow":["GET"]}}],"collection":[{"href":"https:\/\/laserenaradio.cl\/web\/wp-json\/wp\/v2\/posts"}],"about":[{"href":"https:\/\/laserenaradio.cl\/web\/wp-json\/wp\/v2\/types\/post"}],"author":[{"embeddable":true,"href":"https:\/\/laserenaradio.cl\/web\/wp-json\/wp\/v2\/users\/2"}],"replies":[{"embeddable":true,"href":"https:\/\/laserenaradio.cl\/web\/wp-json\/wp\/v2\/comments?post=22739"}],"version-history":[{"count":1,"href":"https:\/\/laserenaradio.cl\/web\/wp-json\/wp\/v2\/posts\/22739\/revisions"}],"predecessor-version":[{"id":22740,"href":"https:\/\/laserenaradio.cl\/web\/wp-json\/wp\/v2\/posts\/22739\/revisions\/22740"}],"wp:featuredmedia":[{"embeddable":true,"href":"https:\/\/laserenaradio.cl\/web\/wp-json\/wp\/v2\/media\/22738"}],"wp:attachment":[{"href":"https:\/\/laserenaradio.cl\/web\/wp-json\/wp\/v2\/media?parent=22739"}],"wp:term":[{"taxonomy":"category","embeddable":true,"href":"https:\/\/laserenaradio.cl\/web\/wp-json\/wp\/v2\/categories?post=22739"},{"taxonomy":"post_tag","embeddable":true,"href":"https:\/\/laserenaradio.cl\/web\/wp-json\/wp\/v2\/tags?post=22739"}],"curies":[{"name":"wp","href":"https:\/\/api.w.org\/{rel}","templated":true}]}}