{"id":22736,"date":"2026-01-18T13:46:39","date_gmt":"2026-01-18T16:46:39","guid":{"rendered":"https:\/\/laserenaradio.cl\/web\/?p=22736"},"modified":"2026-01-18T13:46:39","modified_gmt":"2026-01-18T16:46:39","slug":"companias-de-telecomunicaciones-apoyan-a-victimas-de-incendios-forestales","status":"publish","type":"post","link":"https:\/\/laserenaradio.cl\/web\/2026\/01\/18\/companias-de-telecomunicaciones-apoyan-a-victimas-de-incendios-forestales\/","title":{"rendered":"Compa\u00f1\u00edas de telecomunicaciones apoyan a v\u00edctimas de incendios forestales"},"content":{"rendered":"<p>Ante los incendios en las regiones del Biob\u00edo y \u00d1uble, Entel implement\u00f3 su plan &#8220;Primera Respuesta&#8221; para clientes en comunas afectadas. La empresa suspender\u00e1 cortes por boletas impagas a clientes con contrato m\u00f3vil y repondr\u00e1 servicios de deuda en dichas \u00e1reas durante siete d\u00edas. Para mantener la conectividad, Entel recomienda:<\/p>\n<p>&#8211; Activar el modo &#8220;ahorro de energ\u00eda&#8221; en equipos m\u00f3viles<br \/>\n&#8211; Usar mensajer\u00eda instant\u00e1nea o SMS en lugar de llamadas de voz o videollamadas<br \/>\n&#8211; Preferir conexi\u00f3n WiFi si es posible<br \/>\n&#8211; Reducir uso de dispositivos conectados<\/p>\n<p>WOM liber\u00f3 tr\u00e1fico de datos, llamadas y WhatsApp para clientes prepago en comunas afectadas hasta el 23 de enero. La empresa recomienda el uso de SMS durante la emergencia.<\/p>\n<p>Movistar Chile activ\u00f3 beneficios como liberaci\u00f3n del tr\u00e1fico para clientes con deuda pendiente y una bolsa de 10 GB para usuarios prepago, especialmente en comunas de Penco, Tom\u00e9, Florida, Laja y Santa Juana. El carro m\u00f3vil de Claro en Trinitarias ofrece conectividad por hasta 48 horas.<\/p>\n<p>Estos esfuerzos buscan mantener a los afectados conectados durante la emergencia forestal.<\/p>\n","protected":false},"excerpt":{"rendered":"<p>Ante los incendios en las regiones del Biob\u00edo y \u00d1uble, Entel implement\u00f3 su plan &#8220;Primera Respuesta&#8221; para clientes en comunas afectadas. La empresa suspender\u00e1 cortes por boletas impagas a clientes con contrato m\u00f3vil y repondr\u00e1 servicios de deuda en dichas \u00e1reas durante siete d\u00edas. Para mantener la conectividad, Entel recomienda: &#8211; Activar el modo &#8220;ahorro [&hellip;]<\/p>\n","protected":false},"author":2,"featured_media":22735,"comment_status":"closed","ping_status":"open","sticky":false,"template":"","format":"standard","meta":{"_jetpack_memberships_contains_paid_content":false,"jnews-multi-image_gallery":[],"jnews_single_post":[],"jnews_primary_category":[],"jnews_social_meta":[],"jnews_paywall_metabox":[],"jnews_review":[],"enable_review":"","type":"","name":"","summary":"","brand":"","sku":"","good":[],"bad":[],"score_override":"","override_value":"","rating":[],"price":[],"jnews_override_counter":[],"jnews_post_split":[],"footnotes":""},"categories":[21],"tags":[],"class_list":["post-22736","post","type-post","status-publish","format-standard","has-post-thumbnail","hentry","category-nacional"],"jetpack_featured_media_url":"https:\/\/laserenaradio.cl\/web\/wp-content\/uploads\/2026\/01\/mediapiaiextstaticimg_webpcomunasduranteincendios_0.webp","jetpack_sharing_enabled":true,"_links":{"self":[{"href":"https:\/\/laserenaradio.cl\/web\/wp-json\/wp\/v2\/posts\/22736","targetHints":{"allow":["GET"]}}],"collection":[{"href":"https:\/\/laserenaradio.cl\/web\/wp-json\/wp\/v2\/posts"}],"about":[{"href":"https:\/\/laserenaradio.cl\/web\/wp-json\/wp\/v2\/types\/post"}],"author":[{"embeddable":true,"href":"https:\/\/laserenaradio.cl\/web\/wp-json\/wp\/v2\/users\/2"}],"replies":[{"embeddable":true,"href":"https:\/\/laserenaradio.cl\/web\/wp-json\/wp\/v2\/comments?post=22736"}],"version-history":[{"count":1,"href":"https:\/\/laserenaradio.cl\/web\/wp-json\/wp\/v2\/posts\/22736\/revisions"}],"predecessor-version":[{"id":22737,"href":"https:\/\/laserenaradio.cl\/web\/wp-json\/wp\/v2\/posts\/22736\/revisions\/22737"}],"wp:featuredmedia":[{"embeddable":true,"href":"https:\/\/laserenaradio.cl\/web\/wp-json\/wp\/v2\/media\/22735"}],"wp:attachment":[{"href":"https:\/\/laserenaradio.cl\/web\/wp-json\/wp\/v2\/media?parent=22736"}],"wp:term":[{"taxonomy":"category","embeddable":true,"href":"https:\/\/laserenaradio.cl\/web\/wp-json\/wp\/v2\/categories?post=22736"},{"taxonomy":"post_tag","embeddable":true,"href":"https:\/\/laserenaradio.cl\/web\/wp-json\/wp\/v2\/tags?post=22736"}],"curies":[{"name":"wp","href":"https:\/\/api.w.org\/{rel}","templated":true}]}}