{"id":22733,"date":"2026-01-18T13:42:54","date_gmt":"2026-01-18T16:42:54","guid":{"rendered":"https:\/\/laserenaradio.cl\/web\/?p=22733"},"modified":"2026-01-18T13:42:54","modified_gmt":"2026-01-18T16:42:54","slug":"llaman-al-presidente-electo-kast-para-visitar-zonas-afectadas-por-incendios-forestales","status":"publish","type":"post","link":"https:\/\/laserenaradio.cl\/web\/2026\/01\/18\/llaman-al-presidente-electo-kast-para-visitar-zonas-afectadas-por-incendios-forestales\/","title":{"rendered":"Llaman al presidente electo Kast para visitar zonas afectadas por incendios forestales"},"content":{"rendered":"<p>El alcalde Rodrigo Vera llam\u00f3 al presidente electo Jos\u00e9 Antonio Kast para visitar Penco, afectada por incendios forestales. La tragedia dej\u00f3 16 fallecidos y requiere un compromiso de todas las autoridades. El jefe comunal valor\u00f3 la visita del presidente Gabriel Boric pero subray\u00f3 la necesidad de unidad pol\u00edtica.<\/p>\n<p>En ese contexto, Vera extendi\u00f3 la invitaci\u00f3n al mandatario electo: &#8220;Tambi\u00e9n me gustar\u00eda que el presidente electo Jos\u00e9 Antonio Kast pudiera venir ac\u00e1 a Penco&#8221;. Se\u00f1al\u00f3 que la emergencia transcende cualquier diferencia ideol\u00f3gica y llam\u00f3 a la unidad de todos los chilenos.<\/p>\n<p>Por su parte, el propio Kast enfatiz\u00f3 en su cuenta X: &#8220;Frente a los devastadores incendios en \u00d1uble y B\u00edo B\u00edo, hoy el foco debe ser combatir los incendios, ir en auxilio de las personas afectadas&#8221;. Descart\u00f3 debates pol\u00edticos en medio de la crisis.<\/p>\n<p>Las declaraciones del alcalde se dan en paralelo a lo expresado por el presidente electo. Penco reitera el llamado a la coordinaci\u00f3n y apoyo de todas las autoridades para enfrentar una emergencia grav\u00edsima, una de las m\u00e1s graves recientes en la zona.<\/p>\n","protected":false},"excerpt":{"rendered":"<p>El alcalde Rodrigo Vera llam\u00f3 al presidente electo Jos\u00e9 Antonio Kast para visitar Penco, afectada por incendios forestales. La tragedia dej\u00f3 16 fallecidos y requiere un compromiso de todas las autoridades. El jefe comunal valor\u00f3 la visita del presidente Gabriel Boric pero subray\u00f3 la necesidad de unidad pol\u00edtica. En ese contexto, Vera extendi\u00f3 la invitaci\u00f3n [&hellip;]<\/p>\n","protected":false},"author":2,"featured_media":22732,"comment_status":"closed","ping_status":"open","sticky":false,"template":"","format":"standard","meta":{"_jetpack_memberships_contains_paid_content":false,"jnews-multi-image_gallery":[],"jnews_single_post":[],"jnews_primary_category":[],"jnews_social_meta":[],"jnews_paywall_metabox":[],"jnews_review":[],"enable_review":"","type":"","name":"","summary":"","brand":"","sku":"","good":[],"bad":[],"score_override":"","override_value":"","rating":[],"price":[],"jnews_override_counter":[],"jnews_post_split":[],"footnotes":""},"categories":[21],"tags":[],"class_list":["post-22733","post","type-post","status-publish","format-standard","has-post-thumbnail","hentry","category-nacional"],"jetpack_featured_media_url":"https:\/\/laserenaradio.cl\/web\/wp-content\/uploads\/2026\/01\/mediapiaiextstaticimg_webpLlamadoKast_0.webp","jetpack_sharing_enabled":true,"_links":{"self":[{"href":"https:\/\/laserenaradio.cl\/web\/wp-json\/wp\/v2\/posts\/22733","targetHints":{"allow":["GET"]}}],"collection":[{"href":"https:\/\/laserenaradio.cl\/web\/wp-json\/wp\/v2\/posts"}],"about":[{"href":"https:\/\/laserenaradio.cl\/web\/wp-json\/wp\/v2\/types\/post"}],"author":[{"embeddable":true,"href":"https:\/\/laserenaradio.cl\/web\/wp-json\/wp\/v2\/users\/2"}],"replies":[{"embeddable":true,"href":"https:\/\/laserenaradio.cl\/web\/wp-json\/wp\/v2\/comments?post=22733"}],"version-history":[{"count":1,"href":"https:\/\/laserenaradio.cl\/web\/wp-json\/wp\/v2\/posts\/22733\/revisions"}],"predecessor-version":[{"id":22734,"href":"https:\/\/laserenaradio.cl\/web\/wp-json\/wp\/v2\/posts\/22733\/revisions\/22734"}],"wp:featuredmedia":[{"embeddable":true,"href":"https:\/\/laserenaradio.cl\/web\/wp-json\/wp\/v2\/media\/22732"}],"wp:attachment":[{"href":"https:\/\/laserenaradio.cl\/web\/wp-json\/wp\/v2\/media?parent=22733"}],"wp:term":[{"taxonomy":"category","embeddable":true,"href":"https:\/\/laserenaradio.cl\/web\/wp-json\/wp\/v2\/categories?post=22733"},{"taxonomy":"post_tag","embeddable":true,"href":"https:\/\/laserenaradio.cl\/web\/wp-json\/wp\/v2\/tags?post=22733"}],"curies":[{"name":"wp","href":"https:\/\/api.w.org\/{rel}","templated":true}]}}