{"id":22730,"date":"2026-01-18T13:41:04","date_gmt":"2026-01-18T16:41:04","guid":{"rendered":"https:\/\/laserenaradio.cl\/web\/?p=22730"},"modified":"2026-01-18T13:41:04","modified_gmt":"2026-01-18T16:41:04","slug":"eeuu-apoya-a-chile-contra-los-incendios-forestales","status":"publish","type":"post","link":"https:\/\/laserenaradio.cl\/web\/2026\/01\/18\/eeuu-apoya-a-chile-contra-los-incendios-forestales\/","title":{"rendered":"EEUU apoya a Chile contra los incendios forestales"},"content":{"rendered":"<p>La Embajada de los Estados Unidos (EEUU) en Chile ha confirmado que otorgar\u00e1 asistencia para combatir los incendios forestales que afectan especialmente a la regi\u00f3n de \u00d1uble y B\u00edo B\u00edo.<\/p>\n<p>Mediante su cuenta de X, el embajador Brandon Judd anunci\u00f3 que &#8220;el presidente Trump me ha autorizado a apoyar a Chile con una donaci\u00f3n de asistencia para enfrentar los incendios forestales&#8221;.<\/p>\n<p>&#8220;En los momentos m\u00e1s dif\u00edciles, Estados Unidos acompa\u00f1a a Chile con acciones concretas para proteger las comunidades, vidas y recursos naturales&#8221;, agreg\u00f3 el representante del pa\u00eds norteamericano.<\/p>\n","protected":false},"excerpt":{"rendered":"<p>La Embajada de los Estados Unidos (EEUU) en Chile ha confirmado que otorgar\u00e1 asistencia para combatir los incendios forestales que afectan especialmente a la regi\u00f3n de \u00d1uble y B\u00edo B\u00edo. Mediante su cuenta de X, el embajador Brandon Judd anunci\u00f3 que &#8220;el presidente Trump me ha autorizado a apoyar a Chile con una donaci\u00f3n de [&hellip;]<\/p>\n","protected":false},"author":2,"featured_media":22729,"comment_status":"closed","ping_status":"open","sticky":false,"template":"","format":"standard","meta":{"_jetpack_memberships_contains_paid_content":false,"jnews-multi-image_gallery":[],"jnews_single_post":[],"jnews_primary_category":[],"jnews_social_meta":[],"jnews_paywall_metabox":[],"jnews_review":[],"enable_review":"","type":"","name":"","summary":"","brand":"","sku":"","good":[],"bad":[],"score_override":"","override_value":"","rating":[],"price":[],"jnews_override_counter":[],"jnews_post_split":[],"footnotes":""},"categories":[21],"tags":[],"class_list":["post-22730","post","type-post","status-publish","format-standard","has-post-thumbnail","hentry","category-nacional"],"jetpack_featured_media_url":"https:\/\/laserenaradio.cl\/web\/wp-content\/uploads\/2026\/01\/mediapiaiextstaticimg_webpEEUUChile_0.webp","jetpack_sharing_enabled":true,"_links":{"self":[{"href":"https:\/\/laserenaradio.cl\/web\/wp-json\/wp\/v2\/posts\/22730","targetHints":{"allow":["GET"]}}],"collection":[{"href":"https:\/\/laserenaradio.cl\/web\/wp-json\/wp\/v2\/posts"}],"about":[{"href":"https:\/\/laserenaradio.cl\/web\/wp-json\/wp\/v2\/types\/post"}],"author":[{"embeddable":true,"href":"https:\/\/laserenaradio.cl\/web\/wp-json\/wp\/v2\/users\/2"}],"replies":[{"embeddable":true,"href":"https:\/\/laserenaradio.cl\/web\/wp-json\/wp\/v2\/comments?post=22730"}],"version-history":[{"count":1,"href":"https:\/\/laserenaradio.cl\/web\/wp-json\/wp\/v2\/posts\/22730\/revisions"}],"predecessor-version":[{"id":22731,"href":"https:\/\/laserenaradio.cl\/web\/wp-json\/wp\/v2\/posts\/22730\/revisions\/22731"}],"wp:featuredmedia":[{"embeddable":true,"href":"https:\/\/laserenaradio.cl\/web\/wp-json\/wp\/v2\/media\/22729"}],"wp:attachment":[{"href":"https:\/\/laserenaradio.cl\/web\/wp-json\/wp\/v2\/media?parent=22730"}],"wp:term":[{"taxonomy":"category","embeddable":true,"href":"https:\/\/laserenaradio.cl\/web\/wp-json\/wp\/v2\/categories?post=22730"},{"taxonomy":"post_tag","embeddable":true,"href":"https:\/\/laserenaradio.cl\/web\/wp-json\/wp\/v2\/tags?post=22730"}],"curies":[{"name":"wp","href":"https:\/\/api.w.org\/{rel}","templated":true}]}}