{"id":22725,"date":"2026-01-18T13:36:33","date_gmt":"2026-01-18T16:36:33","guid":{"rendered":"https:\/\/laserenaradio.cl\/web\/?p=22725"},"modified":"2026-01-18T13:36:33","modified_gmt":"2026-01-18T16:36:33","slug":"incendios-forestales-en-nuble-y-biobio-16-muertos-y-20-mil-hectareas-afectadas","status":"publish","type":"post","link":"https:\/\/laserenaradio.cl\/web\/2026\/01\/18\/incendios-forestales-en-nuble-y-biobio-16-muertos-y-20-mil-hectareas-afectadas\/","title":{"rendered":"Incendios forestales en \u00d1uble y Biob\u00edo: 16 muertos y 20 mil hect\u00e1reas afectadas."},"content":{"rendered":"<p>El ministro de Seguridad, Luis Cordero, confirm\u00f3 esta ma\u00f1ana que 16 personas han fallecido debido a incendios forestales en las regiones de \u00d1uble y Biob\u00edo. El estado de cat\u00e1strofe se ha mantenido desde la madrugada, afectando m\u00e1s de 20 mil hect\u00e1reas. Una de las v\u00edctimas perdi\u00f3 la vida en Bulnes, regi\u00f3n de \u00d1uble, mientras que las otras 15 murieron en zonas del Biob\u00edo como Punta de Parra, Geochile y R\u00edos de Chile.<\/p>\n<p>Tras concluir la reuni\u00f3n del Comit\u00e9 para la Gesti\u00f3n de Riesgos de Desastres (Cogrid), el ministro del Interior, \u00c1lvaro Elizalde, inform\u00f3 que se estima en 20 mil las hect\u00e1reas afectadas. Hasta las 11 de la ma\u00f1ana, se manten\u00edan 24 incendios forestales activos y en combate, nueve de ellos en \u00d1uble; y cinco en Biob\u00edo.<\/p>\n<p>El Presidente Gabriel Boric anunci\u00f3 que viajar\u00e1 a la zona durante esta jornada, pero no dio detalles sobre su visita. El Presidente electo, Jos\u00e9 Antonio Kast, llam\u00f3 a apoyar medidas para controlar la emergencia y dejar de lado diferencias pol\u00edticas, enfatizando en combatir los incendios y auxiliar a las personas afectadas.<\/p>\n<p>Autoridades regionales como el alcalde de Penco, Rodrigo Vera, y el gobernador del Biob\u00edo, Sergio Giacaman, han criticado al Gobierno por la lentitud en su respuesta.<\/p>\n","protected":false},"excerpt":{"rendered":"<p>El ministro de Seguridad, Luis Cordero, confirm\u00f3 esta ma\u00f1ana que 16 personas han fallecido debido a incendios forestales en las regiones de \u00d1uble y Biob\u00edo. El estado de cat\u00e1strofe se ha mantenido desde la madrugada, afectando m\u00e1s de 20 mil hect\u00e1reas. Una de las v\u00edctimas perdi\u00f3 la vida en Bulnes, regi\u00f3n de \u00d1uble, mientras que [&hellip;]<\/p>\n","protected":false},"author":2,"featured_media":22724,"comment_status":"closed","ping_status":"open","sticky":false,"template":"","format":"standard","meta":{"_jetpack_memberships_contains_paid_content":false,"jnews-multi-image_gallery":[],"jnews_single_post":[],"jnews_primary_category":[],"jnews_social_meta":[],"jnews_paywall_metabox":[],"jnews_review":[],"enable_review":"","type":"","name":"","summary":"","brand":"","sku":"","good":[],"bad":[],"score_override":"","override_value":"","rating":[],"price":[],"jnews_override_counter":[],"jnews_post_split":[],"footnotes":""},"categories":[21],"tags":[],"class_list":["post-22725","post","type-post","status-publish","format-standard","has-post-thumbnail","hentry","category-nacional"],"jetpack_featured_media_url":"https:\/\/laserenaradio.cl\/web\/wp-content\/uploads\/2026\/01\/mediapiaiextstaticimg_webpIncendiosNuble_0.webp","jetpack_sharing_enabled":true,"_links":{"self":[{"href":"https:\/\/laserenaradio.cl\/web\/wp-json\/wp\/v2\/posts\/22725","targetHints":{"allow":["GET"]}}],"collection":[{"href":"https:\/\/laserenaradio.cl\/web\/wp-json\/wp\/v2\/posts"}],"about":[{"href":"https:\/\/laserenaradio.cl\/web\/wp-json\/wp\/v2\/types\/post"}],"author":[{"embeddable":true,"href":"https:\/\/laserenaradio.cl\/web\/wp-json\/wp\/v2\/users\/2"}],"replies":[{"embeddable":true,"href":"https:\/\/laserenaradio.cl\/web\/wp-json\/wp\/v2\/comments?post=22725"}],"version-history":[{"count":1,"href":"https:\/\/laserenaradio.cl\/web\/wp-json\/wp\/v2\/posts\/22725\/revisions"}],"predecessor-version":[{"id":22726,"href":"https:\/\/laserenaradio.cl\/web\/wp-json\/wp\/v2\/posts\/22725\/revisions\/22726"}],"wp:featuredmedia":[{"embeddable":true,"href":"https:\/\/laserenaradio.cl\/web\/wp-json\/wp\/v2\/media\/22724"}],"wp:attachment":[{"href":"https:\/\/laserenaradio.cl\/web\/wp-json\/wp\/v2\/media?parent=22725"}],"wp:term":[{"taxonomy":"category","embeddable":true,"href":"https:\/\/laserenaradio.cl\/web\/wp-json\/wp\/v2\/categories?post=22725"},{"taxonomy":"post_tag","embeddable":true,"href":"https:\/\/laserenaradio.cl\/web\/wp-json\/wp\/v2\/tags?post=22725"}],"curies":[{"name":"wp","href":"https:\/\/api.w.org\/{rel}","templated":true}]}}