{"id":21680,"date":"2025-12-08T00:28:03","date_gmt":"2025-12-08T03:28:03","guid":{"rendered":"https:\/\/laserenaradio.cl\/web\/?p=21680"},"modified":"2025-12-08T00:28:03","modified_gmt":"2025-12-08T03:28:03","slug":"trabajador-municipal-inicia-accion-legal-contra-su-despido-arbitrario","status":"publish","type":"post","link":"https:\/\/laserenaradio.cl\/web\/2025\/12\/08\/trabajador-municipal-inicia-accion-legal-contra-su-despido-arbitrario\/","title":{"rendered":"Trabajador municipal inicia acci\u00f3n legal contra su despido arbitrario"},"content":{"rendered":"<p>Se present\u00f3 una acci\u00f3n legal en la Corte de Apelaciones de Concepci\u00f3n por uno de los m\u00e1s de 30 despidos notificados a fines de noviembre en distintas unidades de la Municipalidad de San Pedro de la Paz. <\/p>\n<p>Galindo, ingeniero en ejecuci\u00f3n en administraci\u00f3n que se desempe\u00f1a desde el 2019 como jefe del Departamento de Infancia en la Direcci\u00f3n de Desarrollo Comunitario, ingres\u00f3 un recurso de protecci\u00f3n.<\/p>\n<p>Lo que denuncia Galindo es la ilegalidad y arbitrariedad de su desvinculaci\u00f3n, no solo debido a la confianza leg\u00edtima ratificada por la Contralor\u00eda para los funcionarios con un contrato por m\u00e1s de cinco a\u00f1os, sino tambi\u00e9n porque considera que los argumentos entregados en la carta de despido son falsos e injuriosos.<\/p>\n<p>Trabajadores municipales y gremios de funcionarios hab\u00edan advertido de este tipo de acciones legales, subrayando que posibles fallos favorables redundar\u00e1n en las arcas municipales, ante el pago retroactivo de salarios que podr\u00eda ordenarse, adem\u00e1s de eventuales indemnizaciones.<\/p>\n","protected":false},"excerpt":{"rendered":"<p>Se present\u00f3 una acci\u00f3n legal en la Corte de Apelaciones de Concepci\u00f3n por uno de los m\u00e1s de 30 despidos notificados a fines de noviembre en distintas unidades de la Municipalidad de San Pedro de la Paz. Galindo, ingeniero en ejecuci\u00f3n en administraci\u00f3n que se desempe\u00f1a desde el 2019 como jefe del Departamento de Infancia [&hellip;]<\/p>\n","protected":false},"author":2,"featured_media":9076,"comment_status":"closed","ping_status":"open","sticky":false,"template":"","format":"standard","meta":{"_jetpack_memberships_contains_paid_content":false,"jnews-multi-image_gallery":[],"jnews_single_post":[],"jnews_primary_category":[],"jnews_social_meta":[],"jnews_paywall_metabox":[],"jnews_review":[],"enable_review":"","type":"","name":"","summary":"","brand":"","sku":"","good":[],"bad":[],"score_override":"","override_value":"","rating":[],"price":[],"jnews_override_counter":[],"jnews_post_split":[],"footnotes":""},"categories":[21],"tags":[],"class_list":["post-21680","post","type-post","status-publish","format-standard","has-post-thumbnail","hentry","category-nacional"],"jetpack_featured_media_url":"https:\/\/laserenaradio.cl\/web\/wp-content\/uploads\/2024\/12\/laserenaradio_nacional.webp","jetpack_sharing_enabled":true,"_links":{"self":[{"href":"https:\/\/laserenaradio.cl\/web\/wp-json\/wp\/v2\/posts\/21680","targetHints":{"allow":["GET"]}}],"collection":[{"href":"https:\/\/laserenaradio.cl\/web\/wp-json\/wp\/v2\/posts"}],"about":[{"href":"https:\/\/laserenaradio.cl\/web\/wp-json\/wp\/v2\/types\/post"}],"author":[{"embeddable":true,"href":"https:\/\/laserenaradio.cl\/web\/wp-json\/wp\/v2\/users\/2"}],"replies":[{"embeddable":true,"href":"https:\/\/laserenaradio.cl\/web\/wp-json\/wp\/v2\/comments?post=21680"}],"version-history":[{"count":1,"href":"https:\/\/laserenaradio.cl\/web\/wp-json\/wp\/v2\/posts\/21680\/revisions"}],"predecessor-version":[{"id":21681,"href":"https:\/\/laserenaradio.cl\/web\/wp-json\/wp\/v2\/posts\/21680\/revisions\/21681"}],"wp:featuredmedia":[{"embeddable":true,"href":"https:\/\/laserenaradio.cl\/web\/wp-json\/wp\/v2\/media\/9076"}],"wp:attachment":[{"href":"https:\/\/laserenaradio.cl\/web\/wp-json\/wp\/v2\/media?parent=21680"}],"wp:term":[{"taxonomy":"category","embeddable":true,"href":"https:\/\/laserenaradio.cl\/web\/wp-json\/wp\/v2\/categories?post=21680"},{"taxonomy":"post_tag","embeddable":true,"href":"https:\/\/laserenaradio.cl\/web\/wp-json\/wp\/v2\/tags?post=21680"}],"curies":[{"name":"wp","href":"https:\/\/api.w.org\/{rel}","templated":true}]}}