{"id":21671,"date":"2025-12-07T23:24:57","date_gmt":"2025-12-08T02:24:57","guid":{"rendered":"https:\/\/laserenaradio.cl\/web\/?p=21671"},"modified":"2025-12-07T23:24:57","modified_gmt":"2025-12-08T02:24:57","slug":"desaparecido-un-hombre-de-48-anos-en-valparaiso","status":"publish","type":"post","link":"https:\/\/laserenaradio.cl\/web\/2025\/12\/07\/desaparecido-un-hombre-de-48-anos-en-valparaiso\/","title":{"rendered":"Desaparecido un hombre de 48 a\u00f1os en Valpara\u00edso"},"content":{"rendered":"<p>Pablo Escalona, de 48 a\u00f1os, ha estado desaparecido desde la madrugada del s\u00e1bado despu\u00e9s de salir de su hogar en Alto Laguna, sector de Placilla, Pe\u00f1uelas, Valpara\u00edso. Seg\u00fan su familia, mide cerca de 1,80 metros, tiene un cuerpo delgado y piel clara, con el cabello corto y ondulado que presenta canas.<\/p>\n<p>Pamela Vargas, la sobrina del desaparecido, indic\u00f3 que Pablo fue sometido a una operaci\u00f3n en la mu\u00f1eca recientemente, lo cual explica que lleva una mano vendada y la otra enyesada. Estos detalles son cruciales para su identificaci\u00f3n.<\/p>\n<p>Andr\u00e9s Vargas, otro sobrino, se\u00f1al\u00f3 que durante el domingo se llevaron a cabo b\u00fasquedas con familiares y amigos en el \u00e1rea. Sin embargo, manifiesta preocupaci\u00f3n porque hasta ahora, la Polic\u00eda de Investigaciones (<a href=\"https:\/\/www.pdichile.cl\/\">PDI<\/a>) y <a href=\"https:\/\/www.carabineros.cl\/\">Carabineros<\/a> de Chile no han sumado oficialmente sus esfuerzos para rastrear a Pablo.<\/p>\n<p>Al momento de su desaparici\u00f3n, Pablo Escalona vest\u00eda un poler\u00f3n azul rey con capucha, pantalones de mezclilla claros y zapatillas negras decoradas con detalles verdes y blancos. La familia ha solicitado la ayuda de especialistas en b\u00fasqueda de personas desaparecidas para dar con su paradero.<\/p>\n<p>Tras las primeras diligencias, se descart\u00f3 que Pablo se encuentre internado en alg\u00fan hospital o retenido en una comisar\u00eda chilena. No registra movimientos anormales en su cuenta bancaria ni hay registros de salidas de Chile.<\/p>\n","protected":false},"excerpt":{"rendered":"<p>Pablo Escalona, de 48 a\u00f1os, ha estado desaparecido desde la madrugada del s\u00e1bado despu\u00e9s de salir de su hogar en Alto Laguna, sector de Placilla, Pe\u00f1uelas, Valpara\u00edso. Seg\u00fan su familia, mide cerca de 1,80 metros, tiene un cuerpo delgado y piel clara, con el cabello corto y ondulado que presenta canas. Pamela Vargas, la sobrina [&hellip;]<\/p>\n","protected":false},"author":2,"featured_media":21670,"comment_status":"closed","ping_status":"open","sticky":false,"template":"","format":"standard","meta":{"_jetpack_memberships_contains_paid_content":false,"jnews-multi-image_gallery":[],"jnews_single_post":[],"jnews_primary_category":[],"jnews_social_meta":[],"jnews_paywall_metabox":[],"jnews_review":[],"enable_review":"","type":"","name":"","summary":"","brand":"","sku":"","good":[],"bad":[],"score_override":"","override_value":"","rating":[],"price":[],"jnews_override_counter":[],"jnews_post_split":[],"footnotes":""},"categories":[21],"tags":[],"class_list":["post-21671","post","type-post","status-publish","format-standard","has-post-thumbnail","hentry","category-nacional"],"jetpack_featured_media_url":"https:\/\/laserenaradio.cl\/web\/wp-content\/uploads\/2025\/12\/mediapiaiextstaticimg_webpDesaparecidoValparaiso_1.webp","jetpack_sharing_enabled":true,"_links":{"self":[{"href":"https:\/\/laserenaradio.cl\/web\/wp-json\/wp\/v2\/posts\/21671","targetHints":{"allow":["GET"]}}],"collection":[{"href":"https:\/\/laserenaradio.cl\/web\/wp-json\/wp\/v2\/posts"}],"about":[{"href":"https:\/\/laserenaradio.cl\/web\/wp-json\/wp\/v2\/types\/post"}],"author":[{"embeddable":true,"href":"https:\/\/laserenaradio.cl\/web\/wp-json\/wp\/v2\/users\/2"}],"replies":[{"embeddable":true,"href":"https:\/\/laserenaradio.cl\/web\/wp-json\/wp\/v2\/comments?post=21671"}],"version-history":[{"count":1,"href":"https:\/\/laserenaradio.cl\/web\/wp-json\/wp\/v2\/posts\/21671\/revisions"}],"predecessor-version":[{"id":21672,"href":"https:\/\/laserenaradio.cl\/web\/wp-json\/wp\/v2\/posts\/21671\/revisions\/21672"}],"wp:featuredmedia":[{"embeddable":true,"href":"https:\/\/laserenaradio.cl\/web\/wp-json\/wp\/v2\/media\/21670"}],"wp:attachment":[{"href":"https:\/\/laserenaradio.cl\/web\/wp-json\/wp\/v2\/media?parent=21671"}],"wp:term":[{"taxonomy":"category","embeddable":true,"href":"https:\/\/laserenaradio.cl\/web\/wp-json\/wp\/v2\/categories?post=21671"},{"taxonomy":"post_tag","embeddable":true,"href":"https:\/\/laserenaradio.cl\/web\/wp-json\/wp\/v2\/tags?post=21671"}],"curies":[{"name":"wp","href":"https:\/\/api.w.org\/{rel}","templated":true}]}}