{"id":21668,"date":"2025-12-07T23:18:55","date_gmt":"2025-12-08T02:18:55","guid":{"rendered":"https:\/\/laserenaradio.cl\/web\/?p=21668"},"modified":"2025-12-07T23:18:55","modified_gmt":"2025-12-08T02:18:55","slug":"peregrinacion-de-lo-vasquez-carabineros-prepara-su-despliegue","status":"publish","type":"post","link":"https:\/\/laserenaradio.cl\/web\/2025\/12\/07\/peregrinacion-de-lo-vasquez-carabineros-prepara-su-despliegue\/","title":{"rendered":"Peregrinaci\u00f3n de Lo V\u00e1squez: Carabineros prepara su despliegue"},"content":{"rendered":"<p>Miles de fieles se presentaron durante la primera jornada de la tradicional peregrinaci\u00f3n de la Virgen de Lo V\u00e1squez, en Valpara\u00edso. Comercio ambulante ha incrementado significativamente, lo que llev\u00f3 a <a href=\"https:\/\/www.carabineros.cl\/\">Carabineros<\/a> a desplegar m\u00e1s de 600 funcionarios para mantener el orden. Se implementaron cortes de tr\u00e1nsito totales en la ruta 68 desde Santiago hasta Valpara\u00edso, con suspensi\u00f3n a partir del enlace Am\u00e9rico Vespucio y hasta el kil\u00f3metro 96.<\/p>\n<p>Desde Santiago, los fieles viajar\u00e1n hasta el km. 96, mientras que la ruta 68 estar\u00e1 habilitada hasta Casablanca desde las 8:00 de la ma\u00f1ana del lunes 8 de diciembre, con el enlace Lo Orozco manteniendo un corte hasta las 19:00 horas para reestablecer completamente el tr\u00e1nsito.<\/p>\n<p>Adem\u00e1s, se realizaron cortes en la ruta F50 que seguir\u00e1n vigentes hasta este domingo a las 8 de la ma\u00f1ana. La procesi\u00f3n de la Virgen est\u00e1 programada para las 17:00 horas y el tr\u00e1nsito en la ruta 68 ser\u00e1 completamente restablecido a las 18 horas del lunes.<\/p>\n","protected":false},"excerpt":{"rendered":"<p>Miles de fieles se presentaron durante la primera jornada de la tradicional peregrinaci\u00f3n de la Virgen de Lo V\u00e1squez, en Valpara\u00edso. Comercio ambulante ha incrementado significativamente, lo que llev\u00f3 a Carabineros a desplegar m\u00e1s de 600 funcionarios para mantener el orden. Se implementaron cortes de tr\u00e1nsito totales en la ruta 68 desde Santiago hasta Valpara\u00edso, [&hellip;]<\/p>\n","protected":false},"author":2,"featured_media":21667,"comment_status":"closed","ping_status":"open","sticky":false,"template":"","format":"standard","meta":{"_jetpack_memberships_contains_paid_content":false,"jnews-multi-image_gallery":[],"jnews_single_post":[],"jnews_primary_category":[],"jnews_social_meta":[],"jnews_paywall_metabox":[],"jnews_review":[],"enable_review":"","type":"","name":"","summary":"","brand":"","sku":"","good":[],"bad":[],"score_override":"","override_value":"","rating":[],"price":[],"jnews_override_counter":[],"jnews_post_split":[],"footnotes":""},"categories":[21],"tags":[],"class_list":["post-21668","post","type-post","status-publish","format-standard","has-post-thumbnail","hentry","category-nacional"],"jetpack_featured_media_url":"https:\/\/laserenaradio.cl\/web\/wp-content\/uploads\/2025\/12\/mediapiaiextstaticimg_webpPeregrinacionVasquez_0.webp","jetpack_sharing_enabled":true,"_links":{"self":[{"href":"https:\/\/laserenaradio.cl\/web\/wp-json\/wp\/v2\/posts\/21668","targetHints":{"allow":["GET"]}}],"collection":[{"href":"https:\/\/laserenaradio.cl\/web\/wp-json\/wp\/v2\/posts"}],"about":[{"href":"https:\/\/laserenaradio.cl\/web\/wp-json\/wp\/v2\/types\/post"}],"author":[{"embeddable":true,"href":"https:\/\/laserenaradio.cl\/web\/wp-json\/wp\/v2\/users\/2"}],"replies":[{"embeddable":true,"href":"https:\/\/laserenaradio.cl\/web\/wp-json\/wp\/v2\/comments?post=21668"}],"version-history":[{"count":1,"href":"https:\/\/laserenaradio.cl\/web\/wp-json\/wp\/v2\/posts\/21668\/revisions"}],"predecessor-version":[{"id":21669,"href":"https:\/\/laserenaradio.cl\/web\/wp-json\/wp\/v2\/posts\/21668\/revisions\/21669"}],"wp:featuredmedia":[{"embeddable":true,"href":"https:\/\/laserenaradio.cl\/web\/wp-json\/wp\/v2\/media\/21667"}],"wp:attachment":[{"href":"https:\/\/laserenaradio.cl\/web\/wp-json\/wp\/v2\/media?parent=21668"}],"wp:term":[{"taxonomy":"category","embeddable":true,"href":"https:\/\/laserenaradio.cl\/web\/wp-json\/wp\/v2\/categories?post=21668"},{"taxonomy":"post_tag","embeddable":true,"href":"https:\/\/laserenaradio.cl\/web\/wp-json\/wp\/v2\/tags?post=21668"}],"curies":[{"name":"wp","href":"https:\/\/api.w.org\/{rel}","templated":true}]}}