{"id":21660,"date":"2025-12-07T19:50:29","date_gmt":"2025-12-07T22:50:29","guid":{"rendered":"https:\/\/laserenaradio.cl\/web\/?p=21660"},"modified":"2025-12-07T19:50:29","modified_gmt":"2025-12-07T22:50:29","slug":"aviso-de-marejadas-desde-arica-hasta-el-golfo-de-arauco","status":"publish","type":"post","link":"https:\/\/laserenaradio.cl\/web\/2025\/12\/07\/aviso-de-marejadas-desde-arica-hasta-el-golfo-de-arauco\/","title":{"rendered":"Aviso de marejadas desde Arica hasta el Golfo de Arauco."},"content":{"rendered":"<p>El Servicio Meteorol\u00f3gico de la <a href=\"https:\/\/www.armada.cl\/\">Armada de Chile<\/a> (Servimet) emiti\u00f3 un aviso de marejadas que se registrar\u00e1n desde Arica hasta el Golfo de Arauco, en la regi\u00f3n del B\u00edo B\u00edo. Este evento se desarrollar\u00e1 entre el lunes 8 y el mi\u00e9rcoles 10 de diciembre e incluir\u00e1 al Archipi\u00e9lago de Juan Fern\u00e1ndez entre las zonas afectadas.<\/p>\n<p>Seg\u00fan explic\u00f3 la autoridad mar\u00edtima, este fen\u00f3meno es originado por el paso de un sistema frontal en el hemisferio norte, generando oleaje en direcci\u00f3n noroeste. Las marejadas iniciar\u00e1n durante la madrugada del lunes 8 de diciembre, tanto en el territorio que comprende Arica \u2013 Golfo de Arauco, como en el Archipi\u00e9lago Juan Fern\u00e1ndez.<\/p>\n<p>Est\u00e1 pronosticado que las marejadas terminen en fechas distintas. En el caso del archipi\u00e9lago se espera que finalice el martes 9, mientras que en otras zonas el evento culminar\u00e1 el mi\u00e9rcoles 10 de diciembre. Adem\u00e1s, la autoridad detall\u00f3 que los horarios de pleamar o \u201calta marea\u201d ser\u00e1n los de mayor intensidad.<\/p>\n<p>Junto con alertar sobre la ocurrencia de este fen\u00f3meno, la autoridad mar\u00edtima llam\u00f3 a la ciudadan\u00eda a &#8220;actuar con prudencia y cautela&#8221;, respetando las normas de seguridad establecidas. Se pidi\u00f3 evitar el tr\u00e1nsito por sectores rocosos durante este per\u00edodo.<\/p>\n<p>Asimismo, se solicit\u00f3 no ingresar al mar durante la extensi\u00f3n del evento, as\u00ed como &#8220;no desarrollar actividades n\u00e1uticas y deportivas sin la debida autorizaci\u00f3n&#8221;.<\/p>\n","protected":false},"excerpt":{"rendered":"<p>El Servicio Meteorol\u00f3gico de la Armada de Chile (Servimet) emiti\u00f3 un aviso de marejadas que se registrar\u00e1n desde Arica hasta el Golfo de Arauco, en la regi\u00f3n del B\u00edo B\u00edo. Este evento se desarrollar\u00e1 entre el lunes 8 y el mi\u00e9rcoles 10 de diciembre e incluir\u00e1 al Archipi\u00e9lago de Juan Fern\u00e1ndez entre las zonas afectadas. [&hellip;]<\/p>\n","protected":false},"author":2,"featured_media":9076,"comment_status":"closed","ping_status":"open","sticky":false,"template":"","format":"standard","meta":{"_jetpack_memberships_contains_paid_content":false,"jnews-multi-image_gallery":[],"jnews_single_post":[],"jnews_primary_category":[],"jnews_social_meta":[],"jnews_paywall_metabox":[],"jnews_review":[],"enable_review":"","type":"","name":"","summary":"","brand":"","sku":"","good":[],"bad":[],"score_override":"","override_value":"","rating":[],"price":[],"jnews_override_counter":[],"jnews_post_split":[],"footnotes":""},"categories":[21],"tags":[],"class_list":["post-21660","post","type-post","status-publish","format-standard","has-post-thumbnail","hentry","category-nacional"],"jetpack_featured_media_url":"https:\/\/laserenaradio.cl\/web\/wp-content\/uploads\/2024\/12\/laserenaradio_nacional.webp","jetpack_sharing_enabled":true,"_links":{"self":[{"href":"https:\/\/laserenaradio.cl\/web\/wp-json\/wp\/v2\/posts\/21660","targetHints":{"allow":["GET"]}}],"collection":[{"href":"https:\/\/laserenaradio.cl\/web\/wp-json\/wp\/v2\/posts"}],"about":[{"href":"https:\/\/laserenaradio.cl\/web\/wp-json\/wp\/v2\/types\/post"}],"author":[{"embeddable":true,"href":"https:\/\/laserenaradio.cl\/web\/wp-json\/wp\/v2\/users\/2"}],"replies":[{"embeddable":true,"href":"https:\/\/laserenaradio.cl\/web\/wp-json\/wp\/v2\/comments?post=21660"}],"version-history":[{"count":1,"href":"https:\/\/laserenaradio.cl\/web\/wp-json\/wp\/v2\/posts\/21660\/revisions"}],"predecessor-version":[{"id":21661,"href":"https:\/\/laserenaradio.cl\/web\/wp-json\/wp\/v2\/posts\/21660\/revisions\/21661"}],"wp:featuredmedia":[{"embeddable":true,"href":"https:\/\/laserenaradio.cl\/web\/wp-json\/wp\/v2\/media\/9076"}],"wp:attachment":[{"href":"https:\/\/laserenaradio.cl\/web\/wp-json\/wp\/v2\/media?parent=21660"}],"wp:term":[{"taxonomy":"category","embeddable":true,"href":"https:\/\/laserenaradio.cl\/web\/wp-json\/wp\/v2\/categories?post=21660"},{"taxonomy":"post_tag","embeddable":true,"href":"https:\/\/laserenaradio.cl\/web\/wp-json\/wp\/v2\/tags?post=21660"}],"curies":[{"name":"wp","href":"https:\/\/api.w.org\/{rel}","templated":true}]}}