{"id":21658,"date":"2025-12-07T19:15:05","date_gmt":"2025-12-07T22:15:05","guid":{"rendered":"https:\/\/laserenaradio.cl\/web\/?p=21658"},"modified":"2025-12-07T19:15:05","modified_gmt":"2025-12-07T22:15:05","slug":"joven-de-26-anos-detenido-por-disparo-fatal-a-amigo","status":"publish","type":"post","link":"https:\/\/laserenaradio.cl\/web\/2025\/12\/07\/joven-de-26-anos-detenido-por-disparo-fatal-a-amigo\/","title":{"rendered":"Joven de 26 a\u00f1os detenido por disparo fatal a amigo"},"content":{"rendered":"<p>Con firma mensual y arraigo nacional qued\u00f3 formalizado un sujeto de 26 a\u00f1os por el cuasidelito de homicidio en Coronel. El hecho ocurri\u00f3 cuando el imputado, quien manipulaba una escopeta artesanal, dispar\u00f3 accidentalmente contra su amigo, un joven de 18 a\u00f1os identificado como Benjam\u00edn Moreno Rodr\u00edguez.<\/p>\n<p>El crimen se registr\u00f3 en un domicilio de la poblaci\u00f3n Gabriela Mistral el pasado martes. La v\u00edctima falleci\u00f3 al impactarle un disparo que afect\u00f3 su hemot\u00f3rax, posteriormente siendo trasladado al SAPU de Lagunillas.<\/p>\n<p>Las primeras diligencias revelaron que entre los involucrados no exist\u00edan rencillas previas y que el imputado ignoraba la carga del arma. La defensa consign\u00f3 en el control de detenci\u00f3n que su cliente, Ignacio Inostroza Ulloa, hab\u00eda colaborado en el esclarecimiento de los hechos al entregarse a la Brigada de Investigaci\u00f3n Criminal de la Polic\u00eda de Investigaciones de Coronel en la misma jornada del deceso.<\/p>\n<p>En audiencia, la fiscal Carolina Somorrostro formaliz\u00f3 a Inostroza Ulloa por cuasidelito de homicidio. Se fijaron las cautelares de arraigo nacional y firma mensual, adem\u00e1s de prohibirle el porte de armas de fuego, municiones o cartuchos.<\/p>\n<p>Desde el Juzgado de Garant\u00eda de Coronel se estableci\u00f3 un plazo de 120 d\u00edas para investigar los hechos.<\/p>\n","protected":false},"excerpt":{"rendered":"<p>Con firma mensual y arraigo nacional qued\u00f3 formalizado un sujeto de 26 a\u00f1os por el cuasidelito de homicidio en Coronel. El hecho ocurri\u00f3 cuando el imputado, quien manipulaba una escopeta artesanal, dispar\u00f3 accidentalmente contra su amigo, un joven de 18 a\u00f1os identificado como Benjam\u00edn Moreno Rodr\u00edguez. El crimen se registr\u00f3 en un domicilio de la [&hellip;]<\/p>\n","protected":false},"author":2,"featured_media":9076,"comment_status":"closed","ping_status":"open","sticky":false,"template":"","format":"standard","meta":{"_jetpack_memberships_contains_paid_content":false,"jnews-multi-image_gallery":[],"jnews_single_post":[],"jnews_primary_category":[],"jnews_social_meta":[],"jnews_paywall_metabox":[],"jnews_review":[],"enable_review":"","type":"","name":"","summary":"","brand":"","sku":"","good":[],"bad":[],"score_override":"","override_value":"","rating":[],"price":[],"jnews_override_counter":[],"jnews_post_split":[],"footnotes":""},"categories":[21],"tags":[],"class_list":["post-21658","post","type-post","status-publish","format-standard","has-post-thumbnail","hentry","category-nacional"],"jetpack_featured_media_url":"https:\/\/laserenaradio.cl\/web\/wp-content\/uploads\/2024\/12\/laserenaradio_nacional.webp","jetpack_sharing_enabled":true,"_links":{"self":[{"href":"https:\/\/laserenaradio.cl\/web\/wp-json\/wp\/v2\/posts\/21658","targetHints":{"allow":["GET"]}}],"collection":[{"href":"https:\/\/laserenaradio.cl\/web\/wp-json\/wp\/v2\/posts"}],"about":[{"href":"https:\/\/laserenaradio.cl\/web\/wp-json\/wp\/v2\/types\/post"}],"author":[{"embeddable":true,"href":"https:\/\/laserenaradio.cl\/web\/wp-json\/wp\/v2\/users\/2"}],"replies":[{"embeddable":true,"href":"https:\/\/laserenaradio.cl\/web\/wp-json\/wp\/v2\/comments?post=21658"}],"version-history":[{"count":1,"href":"https:\/\/laserenaradio.cl\/web\/wp-json\/wp\/v2\/posts\/21658\/revisions"}],"predecessor-version":[{"id":21659,"href":"https:\/\/laserenaradio.cl\/web\/wp-json\/wp\/v2\/posts\/21658\/revisions\/21659"}],"wp:featuredmedia":[{"embeddable":true,"href":"https:\/\/laserenaradio.cl\/web\/wp-json\/wp\/v2\/media\/9076"}],"wp:attachment":[{"href":"https:\/\/laserenaradio.cl\/web\/wp-json\/wp\/v2\/media?parent=21658"}],"wp:term":[{"taxonomy":"category","embeddable":true,"href":"https:\/\/laserenaradio.cl\/web\/wp-json\/wp\/v2\/categories?post=21658"},{"taxonomy":"post_tag","embeddable":true,"href":"https:\/\/laserenaradio.cl\/web\/wp-json\/wp\/v2\/tags?post=21658"}],"curies":[{"name":"wp","href":"https:\/\/api.w.org\/{rel}","templated":true}]}}