{"id":21656,"date":"2025-12-07T17:10:48","date_gmt":"2025-12-07T20:10:48","guid":{"rendered":"https:\/\/laserenaradio.cl\/web\/?p=21656"},"modified":"2025-12-07T17:10:48","modified_gmt":"2025-12-07T20:10:48","slug":"intento-de-robo-violento-con-amenazas-y-arma-blanca-en-san-pedro-de-la-paz","status":"publish","type":"post","link":"https:\/\/laserenaradio.cl\/web\/2025\/12\/07\/intento-de-robo-violento-con-amenazas-y-arma-blanca-en-san-pedro-de-la-paz\/","title":{"rendered":"Intento de robo violento con amenazas y arma blanca en San Pedro de la Paz"},"content":{"rendered":"<p>Un violento intento de robo se registr\u00f3 durante la ma\u00f1ana de este domingo en la comuna de San Pedro de la Paz, en la regi\u00f3n del B\u00edo B\u00edo. El hecho fue perpetrado por delincuentes en auto, tambi\u00e9n robado, de propiedad del jefe de Divisi\u00f3n de Presupuestos del GORE.<\/p>\n<p>Sobre el veh\u00edculo del funcionario, fuentes policiales se\u00f1alaron que fue robado la noche del s\u00e1bado y utilizado posteriormente para intimidar a m\u00e1s v\u00edctimas. En cuanto a lo ocurrido esta ma\u00f1ana, el hecho tuvo lugar en cercan\u00edas de un estacionamiento de una carnicer\u00eda en Villa San Pedro.<\/p>\n<p>Sorpresivamente, seg\u00fan su propio relato, fue abordado por sujetos que lo amenazaron con un cuchillo en el cuello para robarle su camioneta. En conversaci\u00f3n con Cristian, se\u00f1al\u00f3 que logr\u00f3 escapar de los antisociales. Todo se tratar\u00eda de un tour delictual en el que 4 sujetos a bordo de un veh\u00edculo con encargo por robo, intimidaron a las v\u00edctimas para seguir cometiendo delitos.<\/p>\n<p>Seg\u00fan antecedentes que maneja La Radio, los sujetos se trasladaban en un Mazda modelo CX5, a\u00f1o 2022 de color rojo, el que fue robado en horas previas en Avenida San Pedro del Valle. El veh\u00edculo pertenece al jefe de divisi\u00f3n de presupuesto del GORE, \u00c1lvaro Rojas. Se desconoce si \u00e9l fue v\u00edctima del asalto.<\/p>\n<p>Finalmente, la v\u00edctima del frustrado robo acus\u00f3 que al intentar pedir ayuda a la Polic\u00eda de Investigaciones, ubicada a solo pasos de donde ocurri\u00f3 el asalto frustrado, no tuvo resultados.<\/p>\n","protected":false},"excerpt":{"rendered":"<p>Un violento intento de robo se registr\u00f3 durante la ma\u00f1ana de este domingo en la comuna de San Pedro de la Paz, en la regi\u00f3n del B\u00edo B\u00edo. El hecho fue perpetrado por delincuentes en auto, tambi\u00e9n robado, de propiedad del jefe de Divisi\u00f3n de Presupuestos del GORE. Sobre el veh\u00edculo del funcionario, fuentes policiales [&hellip;]<\/p>\n","protected":false},"author":2,"featured_media":21655,"comment_status":"closed","ping_status":"open","sticky":false,"template":"","format":"standard","meta":{"_jetpack_memberships_contains_paid_content":false,"jnews-multi-image_gallery":[],"jnews_single_post":[],"jnews_primary_category":[],"jnews_social_meta":[],"jnews_paywall_metabox":[],"jnews_review":[],"enable_review":"","type":"","name":"","summary":"","brand":"","sku":"","good":[],"bad":[],"score_override":"","override_value":"","rating":[],"price":[],"jnews_override_counter":[],"jnews_post_split":[],"footnotes":""},"categories":[21],"tags":[],"class_list":["post-21656","post","type-post","status-publish","format-standard","has-post-thumbnail","hentry","category-nacional"],"jetpack_featured_media_url":"https:\/\/laserenaradio.cl\/web\/wp-content\/uploads\/2025\/12\/homepiaiextstaticimg_webproborobadosujetosviolento_0.webp","jetpack_sharing_enabled":true,"_links":{"self":[{"href":"https:\/\/laserenaradio.cl\/web\/wp-json\/wp\/v2\/posts\/21656","targetHints":{"allow":["GET"]}}],"collection":[{"href":"https:\/\/laserenaradio.cl\/web\/wp-json\/wp\/v2\/posts"}],"about":[{"href":"https:\/\/laserenaradio.cl\/web\/wp-json\/wp\/v2\/types\/post"}],"author":[{"embeddable":true,"href":"https:\/\/laserenaradio.cl\/web\/wp-json\/wp\/v2\/users\/2"}],"replies":[{"embeddable":true,"href":"https:\/\/laserenaradio.cl\/web\/wp-json\/wp\/v2\/comments?post=21656"}],"version-history":[{"count":1,"href":"https:\/\/laserenaradio.cl\/web\/wp-json\/wp\/v2\/posts\/21656\/revisions"}],"predecessor-version":[{"id":21657,"href":"https:\/\/laserenaradio.cl\/web\/wp-json\/wp\/v2\/posts\/21656\/revisions\/21657"}],"wp:featuredmedia":[{"embeddable":true,"href":"https:\/\/laserenaradio.cl\/web\/wp-json\/wp\/v2\/media\/21655"}],"wp:attachment":[{"href":"https:\/\/laserenaradio.cl\/web\/wp-json\/wp\/v2\/media?parent=21656"}],"wp:term":[{"taxonomy":"category","embeddable":true,"href":"https:\/\/laserenaradio.cl\/web\/wp-json\/wp\/v2\/categories?post=21656"},{"taxonomy":"post_tag","embeddable":true,"href":"https:\/\/laserenaradio.cl\/web\/wp-json\/wp\/v2\/tags?post=21656"}],"curies":[{"name":"wp","href":"https:\/\/api.w.org\/{rel}","templated":true}]}}