{"id":21505,"date":"2025-12-07T08:18:51","date_gmt":"2025-12-07T11:18:51","guid":{"rendered":"https:\/\/laserenaradio.cl\/web\/?p=21505"},"modified":"2025-12-07T08:18:51","modified_gmt":"2025-12-07T11:18:51","slug":"peregrinacion-a-lo-vasquez-alerta-temprana-preventiva-por-desplazamientos-masivos","status":"publish","type":"post","link":"https:\/\/laserenaradio.cl\/web\/2025\/12\/07\/peregrinacion-a-lo-vasquez-alerta-temprana-preventiva-por-desplazamientos-masivos\/","title":{"rendered":"Peregrinaci\u00f3n a Lo V\u00e1squez: Alerta Temprana Preventiva por desplazamientos masivos"},"content":{"rendered":"<p>Cientos de peregrinos se acercan al Santuario de Lo V\u00e1squez en la jornada previa a la tradicional peregrinaci\u00f3n, esperando m\u00e1s de un mill\u00f3n de personas para este domingo 7 y lunes 8 de diciembre. Por esta raz\u00f3n, <a href=\"http:\/\/www.senapred.cl\">Senapred<\/a> ha declarado Alerta Temprana Preventiva para la provincia de Marga Marga y las comunas Casablanca, Valpara\u00edso, Vi\u00f1a del Mar y Algarrobo. Se ha aumentado la vigilancia y el monitoreo de estos desplazamientos masivos.<\/p>\n<p>Winston Hardy, rector del Santuario, proporcion\u00f3 detalles sobre la jornada previa a la peregrinaci\u00f3n. Para garantizar la seguridad de los fieles, se ha implementado un importante contingente policial en las inmediaciones del templo. Adem\u00e1s, personal del SAMU se mantendr\u00e1 presente para atender cualquier contratiempo de salud.<\/p>\n<p>Gabriela Hidalgo, jefa t\u00e9cnica de SAMU litoral, proporcion\u00f3 m\u00e1s detalles sobre el despliegue. Este domingo se realizar\u00e1n cortes totales de tr\u00e1nsito en la ruta 68, desde Santiago a la altura del enlace Am\u00e9rico Vespucio, a partir de las 16 horas. Desde Valpara\u00edso ser\u00e1 a las 17 horas a la altura de la Km 96.<\/p>\n","protected":false},"excerpt":{"rendered":"<p>Cientos de peregrinos se acercan al Santuario de Lo V\u00e1squez en la jornada previa a la tradicional peregrinaci\u00f3n, esperando m\u00e1s de un mill\u00f3n de personas para este domingo 7 y lunes 8 de diciembre. Por esta raz\u00f3n, Senapred ha declarado Alerta Temprana Preventiva para la provincia de Marga Marga y las comunas Casablanca, Valpara\u00edso, Vi\u00f1a [&hellip;]<\/p>\n","protected":false},"author":2,"featured_media":21504,"comment_status":"closed","ping_status":"open","sticky":false,"template":"","format":"standard","meta":{"_jetpack_memberships_contains_paid_content":false,"jnews-multi-image_gallery":[],"jnews_single_post":[],"jnews_primary_category":[],"jnews_social_meta":[],"jnews_paywall_metabox":[],"jnews_review":[],"enable_review":"","type":"","name":"","summary":"","brand":"","sku":"","good":[],"bad":[],"score_override":"","override_value":"","rating":[],"price":[],"jnews_override_counter":[],"jnews_post_split":[],"footnotes":""},"categories":[21],"tags":[],"class_list":["post-21505","post","type-post","status-publish","format-standard","has-post-thumbnail","hentry","category-nacional"],"jetpack_featured_media_url":"https:\/\/laserenaradio.cl\/web\/wp-content\/uploads\/2025\/12\/homepiaiextractoscrapimg_webpPeregrinacionVasquez_0.webp","jetpack_sharing_enabled":true,"_links":{"self":[{"href":"https:\/\/laserenaradio.cl\/web\/wp-json\/wp\/v2\/posts\/21505","targetHints":{"allow":["GET"]}}],"collection":[{"href":"https:\/\/laserenaradio.cl\/web\/wp-json\/wp\/v2\/posts"}],"about":[{"href":"https:\/\/laserenaradio.cl\/web\/wp-json\/wp\/v2\/types\/post"}],"author":[{"embeddable":true,"href":"https:\/\/laserenaradio.cl\/web\/wp-json\/wp\/v2\/users\/2"}],"replies":[{"embeddable":true,"href":"https:\/\/laserenaradio.cl\/web\/wp-json\/wp\/v2\/comments?post=21505"}],"version-history":[{"count":1,"href":"https:\/\/laserenaradio.cl\/web\/wp-json\/wp\/v2\/posts\/21505\/revisions"}],"predecessor-version":[{"id":21506,"href":"https:\/\/laserenaradio.cl\/web\/wp-json\/wp\/v2\/posts\/21505\/revisions\/21506"}],"wp:featuredmedia":[{"embeddable":true,"href":"https:\/\/laserenaradio.cl\/web\/wp-json\/wp\/v2\/media\/21504"}],"wp:attachment":[{"href":"https:\/\/laserenaradio.cl\/web\/wp-json\/wp\/v2\/media?parent=21505"}],"wp:term":[{"taxonomy":"category","embeddable":true,"href":"https:\/\/laserenaradio.cl\/web\/wp-json\/wp\/v2\/categories?post=21505"},{"taxonomy":"post_tag","embeddable":true,"href":"https:\/\/laserenaradio.cl\/web\/wp-json\/wp\/v2\/tags?post=21505"}],"curies":[{"name":"wp","href":"https:\/\/api.w.org\/{rel}","templated":true}]}}