{"id":21490,"date":"2025-12-06T10:33:26","date_gmt":"2025-12-06T13:33:26","guid":{"rendered":"https:\/\/laserenaradio.cl\/web\/?p=21490"},"modified":"2025-12-06T10:33:26","modified_gmt":"2025-12-06T13:33:26","slug":"reapertura-del-circuito-macizo-paine-tras-tragedia-en-torres-del-paine","status":"publish","type":"post","link":"https:\/\/laserenaradio.cl\/web\/2025\/12\/06\/reapertura-del-circuito-macizo-paine-tras-tragedia-en-torres-del-paine\/","title":{"rendered":"Reapertura del Circuito Macizo Paine tras tragedia en Torres del Paine"},"content":{"rendered":"<p>La Corporaci\u00f3n Nacional Forestal (Conaf) inform\u00f3 la reapertura del Circuito Macizo Paine, conocido como circuito \u201cO\u201d, en el Parque Nacional Torres del Paine. La medida se tom\u00f3 tras la finalizaci\u00f3n de las diligencias en terreno que instruy\u00f3 la <a href=\"https:\/\/www.fiscaliadechile.cl\/\">Fiscal\u00eda<\/a>, producto de la tragedia ocurrida el 17 de noviembre, en la que perdieron la vida cinco turistas, dos mexicanos, una persona de cada sexo; dos alemanes, tambi\u00e9n un hombre y una mujer, y una brit\u00e1nica.<\/p>\n<p>La Corporaci\u00f3n despleg\u00f3 un plan operativo para garantizar una reapertura segura y fortalecer la labor de los guardaparques en sectores de alta monta\u00f1a. Precisamente, estas funciones fueron cuestionadas tras la tragedia. Este plan de contingencia prev\u00e9 que el circuito \u201cO\u201d est\u00e9 completamente operativo el martes 9 de diciembre de 2025.<\/p>\n<p>El servicio implement\u00f3 mejoras en los protocolos de seguridad y reforz\u00f3 la dotaci\u00f3n de guardaparques. La reapertura contempla medidas estrictas para procurar el resguardo tanto de los visitantes como del personal. Para robustecer la presencia en terreno, Conaf implement\u00f3 un plan con tres ejes principales.<\/p>\n<p>El primero es la presencia policial adelantada, con <a href=\"https:\/\/www.carabineros.cl\/\">Carabineros<\/a> iniciando su permanencia en el sector Dickson desde diciembre, adelantando su llegada habitual de enero. El segundo eje asegura la cobertura en zonas cr\u00edticas. La medida garantiza la presencia permanente de guardaparques en tramos de alta complejidad como los sectores Dickson, Perros y Paso, con dos guardaparques por cada uno de estos sectores.<\/p>\n<p>El tercer componente es la gesti\u00f3n con concesionarios. Conaf coordin\u00f3 nuevas medidas de resguardo con la empresa V\u00e9rtice S.A., las cuales incluyen el aumento de stock de emergencia y otros resguardos que se definen, adem\u00e1s de la revisi\u00f3n del contrato de concesi\u00f3n.<\/p>\n<p>Del mismo modo, Conaf optimiz\u00f3 su planificaci\u00f3n operativa considerando las elecciones presidenciales del 14 de diciembre. Gestiones con el Servel facilitaron la justificaci\u00f3n de inasistencia para guardaparques en zonas aisladas del circuito \u201cO\u201d, a m\u00e1s de 200 km de sus locales de votaci\u00f3n.<\/p>\n<p>El 17 de noviembre pasado, un grupo de excursionistas fue sorprendido por una tormenta violenta mientras realizaban el circuito \u201cO\u201d. Las condiciones clim\u00e1ticas extremas incluyeron vientos de hasta 193 km\/h y visibilidad nula, lo que dificult\u00f3 gravemente su desplazamiento y orientaci\u00f3n. Al d\u00eda siguiente, se confirm\u00f3 la magnitud de la tragedia.<\/p>\n<p>El fiscal regional de Magallanes, Cristi\u00e1n Crisosto, se\u00f1al\u00f3 que el trabajo en terreno fue fundamental para constatar elementos que ser\u00e1n pruebas para posibles imputaciones sobre las responsabilidades de Conaf y la empresa privada V\u00e9rtice Travel. El fiscal afirm\u00f3 que \u201cno fue f\u00e1cil\u201d llegar al lugar y comenzar a explorarlo.<\/p>\n<p>Sobre las condiciones del sendero, el persecutor expuso a La Tercera que \u201clas medidas de se\u00f1alizaci\u00f3n y de seguridad en el sendero eran precarias. Estamos hablando de un parque nacional con uno de los circuitos m\u00e1s riesgosos de Torres del Paine, destino internacional para el trekking. Lo que hay hasta el momento es que respecto a la empresa privada como a Conaf uno puede constatar una precariedad\u201d.<\/p>\n","protected":false},"excerpt":{"rendered":"<p>La Corporaci\u00f3n Nacional Forestal (Conaf) inform\u00f3 la reapertura del Circuito Macizo Paine, conocido como circuito \u201cO\u201d, en el Parque Nacional Torres del Paine. La medida se tom\u00f3 tras la finalizaci\u00f3n de las diligencias en terreno que instruy\u00f3 la Fiscal\u00eda, producto de la tragedia ocurrida el 17 de noviembre, en la que perdieron la vida cinco [&hellip;]<\/p>\n","protected":false},"author":2,"featured_media":21489,"comment_status":"closed","ping_status":"open","sticky":false,"template":"","format":"standard","meta":{"_jetpack_memberships_contains_paid_content":false,"jnews-multi-image_gallery":[],"jnews_single_post":[],"jnews_primary_category":[],"jnews_social_meta":[],"jnews_paywall_metabox":[],"jnews_review":[],"enable_review":"","type":"","name":"","summary":"","brand":"","sku":"","good":[],"bad":[],"score_override":"","override_value":"","rating":[],"price":[],"jnews_override_counter":[],"jnews_post_split":[],"footnotes":""},"categories":[21],"tags":[],"class_list":["post-21490","post","type-post","status-publish","format-standard","has-post-thumbnail","hentry","category-nacional"],"jetpack_featured_media_url":"https:\/\/laserenaradio.cl\/web\/wp-content\/uploads\/2025\/12\/homepiaiextractoscrapimg_predeterminadalaserenaradio_nacional-9.webp","jetpack_sharing_enabled":true,"_links":{"self":[{"href":"https:\/\/laserenaradio.cl\/web\/wp-json\/wp\/v2\/posts\/21490","targetHints":{"allow":["GET"]}}],"collection":[{"href":"https:\/\/laserenaradio.cl\/web\/wp-json\/wp\/v2\/posts"}],"about":[{"href":"https:\/\/laserenaradio.cl\/web\/wp-json\/wp\/v2\/types\/post"}],"author":[{"embeddable":true,"href":"https:\/\/laserenaradio.cl\/web\/wp-json\/wp\/v2\/users\/2"}],"replies":[{"embeddable":true,"href":"https:\/\/laserenaradio.cl\/web\/wp-json\/wp\/v2\/comments?post=21490"}],"version-history":[{"count":1,"href":"https:\/\/laserenaradio.cl\/web\/wp-json\/wp\/v2\/posts\/21490\/revisions"}],"predecessor-version":[{"id":21491,"href":"https:\/\/laserenaradio.cl\/web\/wp-json\/wp\/v2\/posts\/21490\/revisions\/21491"}],"wp:featuredmedia":[{"embeddable":true,"href":"https:\/\/laserenaradio.cl\/web\/wp-json\/wp\/v2\/media\/21489"}],"wp:attachment":[{"href":"https:\/\/laserenaradio.cl\/web\/wp-json\/wp\/v2\/media?parent=21490"}],"wp:term":[{"taxonomy":"category","embeddable":true,"href":"https:\/\/laserenaradio.cl\/web\/wp-json\/wp\/v2\/categories?post=21490"},{"taxonomy":"post_tag","embeddable":true,"href":"https:\/\/laserenaradio.cl\/web\/wp-json\/wp\/v2\/tags?post=21490"}],"curies":[{"name":"wp","href":"https:\/\/api.w.org\/{rel}","templated":true}]}}