{"id":21445,"date":"2025-12-05T14:20:48","date_gmt":"2025-12-05T17:20:48","guid":{"rendered":"https:\/\/laserenaradio.cl\/web\/?p=21445"},"modified":"2025-12-05T14:20:48","modified_gmt":"2025-12-05T17:20:48","slug":"taxista-condenado-por-abuso-sexual-a-menores","status":"publish","type":"post","link":"https:\/\/laserenaradio.cl\/web\/2025\/12\/05\/taxista-condenado-por-abuso-sexual-a-menores\/","title":{"rendered":"Taxista condenado por abuso sexual a menores"},"content":{"rendered":"<p>En prisi\u00f3n preventiva qued\u00f3 un hombre de 59 a\u00f1os por delitos de abuso sexual en Alto Hospicio, Tarapac\u00e1. La investigaci\u00f3n fue llevada a cabo por la Unidad de Delitos Sexuales de la <a href=\"https:\/\/www.fiscaliadechile.cl\/\">Fiscal\u00eda<\/a> Local y la Brisex de la Polic\u00eda de Investigaciones.<\/p>\n<p>El primer hecho ocurri\u00f3 en octubre de 2024 cuando una ni\u00f1a de 13 a\u00f1os denunci\u00f3 que un taxista la abus\u00f3 sexualmente durante el trayecto desde su colegio a casa. El imputado, E.L.L.C., la amenaz\u00f3 y le realiz\u00f3 tocaciones forzadas.<\/p>\n<p>El segundo caso se produjo el 4 de abril de 2025, cuando una adolescente de 15 a\u00f1os fue abordada por el mismo taxista en su colegio para regresar a su domicilio. Durante el viaje, el imputado la oblig\u00f3 a realizarle tocaciones y despu\u00e9s cometi\u00f3 el mismo abuso sexual.<\/p>\n<p>Ambas denuncias mostraron similitudes lo que permiti\u00f3 a la <a href=\"https:\/\/www.fiscaliadechile.cl\/\">Fiscal\u00eda<\/a> tomar acciones urgentes. Posteriormente, se logr\u00f3 identificar al imputado y el fiscal obtuvo una orden de detenci\u00f3n. El 1 de diciembre de este a\u00f1o, el hombre fue arrestado en Alto Hospicio.<\/p>\n<p>Finalmente, E.L.L.C. fue formalizado por los delitos de abuso sexual contra menores y mayores de 14 a\u00f1os, con prisi\u00f3n preventiva solicitada. La justicia consider\u00f3 que su libertad representaba un riesgo para las v\u00edctimas y la sociedad, estableciendo un plazo de investigaci\u00f3n de 60 d\u00edas.<\/p>\n","protected":false},"excerpt":{"rendered":"<p>En prisi\u00f3n preventiva qued\u00f3 un hombre de 59 a\u00f1os por delitos de abuso sexual en Alto Hospicio, Tarapac\u00e1. La investigaci\u00f3n fue llevada a cabo por la Unidad de Delitos Sexuales de la Fiscal\u00eda Local y la Brisex de la Polic\u00eda de Investigaciones. El primer hecho ocurri\u00f3 en octubre de 2024 cuando una ni\u00f1a de 13 [&hellip;]<\/p>\n","protected":false},"author":2,"featured_media":21444,"comment_status":"closed","ping_status":"open","sticky":false,"template":"","format":"standard","meta":{"_jetpack_memberships_contains_paid_content":false,"jnews-multi-image_gallery":[],"jnews_single_post":[],"jnews_primary_category":[],"jnews_social_meta":[],"jnews_paywall_metabox":[],"jnews_review":[],"enable_review":"","type":"","name":"","summary":"","brand":"","sku":"","good":[],"bad":[],"score_override":"","override_value":"","rating":[],"price":[],"jnews_override_counter":[],"jnews_post_split":[],"footnotes":""},"categories":[21],"tags":[],"class_list":["post-21445","post","type-post","status-publish","format-standard","has-post-thumbnail","hentry","category-nacional"],"jetpack_featured_media_url":"https:\/\/laserenaradio.cl\/web\/wp-content\/uploads\/2025\/12\/homepiaiextractoscrapimg_webpTaxistaabuso_1.webp","jetpack_sharing_enabled":true,"_links":{"self":[{"href":"https:\/\/laserenaradio.cl\/web\/wp-json\/wp\/v2\/posts\/21445","targetHints":{"allow":["GET"]}}],"collection":[{"href":"https:\/\/laserenaradio.cl\/web\/wp-json\/wp\/v2\/posts"}],"about":[{"href":"https:\/\/laserenaradio.cl\/web\/wp-json\/wp\/v2\/types\/post"}],"author":[{"embeddable":true,"href":"https:\/\/laserenaradio.cl\/web\/wp-json\/wp\/v2\/users\/2"}],"replies":[{"embeddable":true,"href":"https:\/\/laserenaradio.cl\/web\/wp-json\/wp\/v2\/comments?post=21445"}],"version-history":[{"count":1,"href":"https:\/\/laserenaradio.cl\/web\/wp-json\/wp\/v2\/posts\/21445\/revisions"}],"predecessor-version":[{"id":21446,"href":"https:\/\/laserenaradio.cl\/web\/wp-json\/wp\/v2\/posts\/21445\/revisions\/21446"}],"wp:featuredmedia":[{"embeddable":true,"href":"https:\/\/laserenaradio.cl\/web\/wp-json\/wp\/v2\/media\/21444"}],"wp:attachment":[{"href":"https:\/\/laserenaradio.cl\/web\/wp-json\/wp\/v2\/media?parent=21445"}],"wp:term":[{"taxonomy":"category","embeddable":true,"href":"https:\/\/laserenaradio.cl\/web\/wp-json\/wp\/v2\/categories?post=21445"},{"taxonomy":"post_tag","embeddable":true,"href":"https:\/\/laserenaradio.cl\/web\/wp-json\/wp\/v2\/tags?post=21445"}],"curies":[{"name":"wp","href":"https:\/\/api.w.org\/{rel}","templated":true}]}}