{"id":21442,"date":"2025-12-04T19:06:20","date_gmt":"2025-12-04T22:06:20","guid":{"rendered":"https:\/\/laserenaradio.cl\/web\/?p=21442"},"modified":"2025-12-04T19:06:20","modified_gmt":"2025-12-04T22:06:20","slug":"regreso-de-los-fuegos-artificiales-en-la-torre-entel-tras-7-anos","status":"publish","type":"post","link":"https:\/\/laserenaradio.cl\/web\/2025\/12\/04\/regreso-de-los-fuegos-artificiales-en-la-torre-entel-tras-7-anos\/","title":{"rendered":"Regreso de los Fuegos Artificiales en la Torre Entel tras 7 a\u00f1os"},"content":{"rendered":"<p>Luego de siete a\u00f1os de ausencia, el espect\u00e1culo de A\u00f1o Nuevo en la torre Entel regresa a Santiago. Mario Desbordes, Alcalde de Santiago, indic\u00f3 que este regreso forma parte del plan municipal para recuperar los espacios p\u00fablicos.<\/p>\n<p>Hace unos meses atr\u00e1s, Entel convers\u00f3 con nosotros la posibilidad de retomar los fuegos artificiales el 31 de diciembre. Analizamos la propuesta y el proyecto de Entel y nos parece una buena idea&#8221;, expres\u00f3 el jefe comunal.<\/p>\n<p>Se trata de una fiesta que beneficia a cientos de miles de personas de toda la regi\u00f3n Metropolitana, que vienen a visitar el centro o viven en el centro y aprovechan sus terrazas, sus ventanas, etc., resalt\u00f3 Desbordes.<\/p>\n<p>La festividad organizada por Entel combinar\u00e1 pirotecnia moderna con drones, iluminaci\u00f3n y m\u00fasica. Adem\u00e1s, la producci\u00f3n estar\u00e1 encargada por la misma empresa que fue responsable del show de los Juegos Ol\u00edmpicos de Par\u00eds 2024.<\/p>\n<p>Desbordes se\u00f1al\u00f3 su preocupaci\u00f3n por las personas que tienen sensibilidad a los ruidos fuertes. Destac\u00f3 que los fuegos artificiales usados en el espect\u00e1culo &#8220;son los m\u00e1s leves a nivel sonoro&#8221;, afirm\u00f3.<\/p>\n<p>El jefe comunal afirm\u00f3 que la fiesta &#8220;cumple todo el est\u00e1ndar de las capitales europeas y por lo tanto, vamos a ver un show muy distinto a los anteriores&#8221;. Tambi\u00e9n a\u00f1adi\u00f3 que se preocuparon por el medio ambiente, &#8220;ya que las peque\u00f1as part\u00edculas al momento de la ignici\u00f3n se consumen en un 99% en el aire, con lo cual el residuo post es pr\u00e1cticamente cero&#8221;.<\/p>\n","protected":false},"excerpt":{"rendered":"<p>Luego de siete a\u00f1os de ausencia, el espect\u00e1culo de A\u00f1o Nuevo en la torre Entel regresa a Santiago. Mario Desbordes, Alcalde de Santiago, indic\u00f3 que este regreso forma parte del plan municipal para recuperar los espacios p\u00fablicos. Hace unos meses atr\u00e1s, Entel convers\u00f3 con nosotros la posibilidad de retomar los fuegos artificiales el 31 de [&hellip;]<\/p>\n","protected":false},"author":2,"featured_media":21441,"comment_status":"closed","ping_status":"open","sticky":false,"template":"","format":"standard","meta":{"_jetpack_memberships_contains_paid_content":false,"jnews-multi-image_gallery":[],"jnews_single_post":[],"jnews_primary_category":[],"jnews_social_meta":[],"jnews_paywall_metabox":[],"jnews_review":[],"enable_review":"","type":"","name":"","summary":"","brand":"","sku":"","good":[],"bad":[],"score_override":"","override_value":"","rating":[],"price":[],"jnews_override_counter":[],"jnews_post_split":[],"footnotes":""},"categories":[21],"tags":[],"class_list":["post-21442","post","type-post","status-publish","format-standard","has-post-thumbnail","hentry","category-nacional"],"jetpack_featured_media_url":"https:\/\/laserenaradio.cl\/web\/wp-content\/uploads\/2025\/12\/homepiaiextractoscrapimg_webpRegresoFuegos_1.webp","jetpack_sharing_enabled":true,"_links":{"self":[{"href":"https:\/\/laserenaradio.cl\/web\/wp-json\/wp\/v2\/posts\/21442","targetHints":{"allow":["GET"]}}],"collection":[{"href":"https:\/\/laserenaradio.cl\/web\/wp-json\/wp\/v2\/posts"}],"about":[{"href":"https:\/\/laserenaradio.cl\/web\/wp-json\/wp\/v2\/types\/post"}],"author":[{"embeddable":true,"href":"https:\/\/laserenaradio.cl\/web\/wp-json\/wp\/v2\/users\/2"}],"replies":[{"embeddable":true,"href":"https:\/\/laserenaradio.cl\/web\/wp-json\/wp\/v2\/comments?post=21442"}],"version-history":[{"count":1,"href":"https:\/\/laserenaradio.cl\/web\/wp-json\/wp\/v2\/posts\/21442\/revisions"}],"predecessor-version":[{"id":21443,"href":"https:\/\/laserenaradio.cl\/web\/wp-json\/wp\/v2\/posts\/21442\/revisions\/21443"}],"wp:featuredmedia":[{"embeddable":true,"href":"https:\/\/laserenaradio.cl\/web\/wp-json\/wp\/v2\/media\/21441"}],"wp:attachment":[{"href":"https:\/\/laserenaradio.cl\/web\/wp-json\/wp\/v2\/media?parent=21442"}],"wp:term":[{"taxonomy":"category","embeddable":true,"href":"https:\/\/laserenaradio.cl\/web\/wp-json\/wp\/v2\/categories?post=21442"},{"taxonomy":"post_tag","embeddable":true,"href":"https:\/\/laserenaradio.cl\/web\/wp-json\/wp\/v2\/tags?post=21442"}],"curies":[{"name":"wp","href":"https:\/\/api.w.org\/{rel}","templated":true}]}}