{"id":21427,"date":"2025-12-04T18:48:54","date_gmt":"2025-12-04T21:48:54","guid":{"rendered":"https:\/\/laserenaradio.cl\/web\/?p=21427"},"modified":"2025-12-04T18:48:54","modified_gmt":"2025-12-04T21:48:54","slug":"el-ministerio-de-vivienda-aprueba-la-expropiacion-del-cerro-centinela","status":"publish","type":"post","link":"https:\/\/laserenaradio.cl\/web\/2025\/12\/04\/el-ministerio-de-vivienda-aprueba-la-expropiacion-del-cerro-centinela\/","title":{"rendered":"El Ministerio de Vivienda aprueba la expropiaci\u00f3n del cerro Centinela."},"content":{"rendered":"<p>Con el reloj judicial encima, el <a href=\"http:\/\/www.minvu.cl\/\">Ministerio de Vivienda y Urbanismo<\/a> (Minvu) concret\u00f3 el tr\u00e1mite administrativo para avanzar en la expropiaci\u00f3n de m\u00e1s de 110 hect\u00e1reas vinculadas a la toma del cerro Centinela en San Antonio. A trav\u00e9s del decreto exento N\u00b0 88, la cartera comenz\u00f3 formalmente la ejecuci\u00f3n del Programa de Expropiaciones del futuro Plan Habitacional Cerro Centinela, horas antes de que venciera el plazo impuesto por la Corte de Apelaciones de Valpara\u00edso para materializar el desalojo ordenado por los tribunales.<\/p>\n<p>El documento establece la adquisici\u00f3n de 1.105.953,95 metros cuadrados, equivalentes a poco m\u00e1s de 110 hect\u00e1reas, distribuidos en tres lotes pertenecientes a la Inmobiliaria y Constructora San Antonio S.A. La medida permitir\u00e1 iniciar el dise\u00f1o del proyecto habitacional destinado a reubicar \u2014en el mismo sector\u2014 a cerca del 90% de los m\u00e1s de 4.100 hogares que actualmente residen en condici\u00f3n de ocupaci\u00f3n irregular.<\/p>\n<p>El decreto justifica la expropiaci\u00f3n recordando que la megatoma, donde habitan aproximadamente 10.251 personas, de las cuales m\u00e1s de 3.000 son ni\u00f1os, enfrenta una orden de desalojo ratificada por la Corte Suprema en marzo de 2024. A ello se suma la resoluci\u00f3n del 4 de noviembre de este a\u00f1o, en que la Corte de Apelaciones instruy\u00f3 al Gobierno y al municipio de San Antonio a cumplir \u201cestrictamente\u201d el fallo, acreditando en un plazo de 30 d\u00edas la habilitaci\u00f3n de un recinto transitorio para albergar a los ocupantes.<\/p>\n<p>La publicaci\u00f3n del decreto se da precisamente en la antesala del vencimiento de ese plazo. Seg\u00fan el Minvu, la expropiaci\u00f3n se decidi\u00f3 luego de fracasar las negociaciones con los propietarios, que mantuvieron un valor de venta superior en cerca de $6 mil millones a las tasaciones encargadas por la cartera.<\/p>\n<p>El decreto de expropiaci\u00f3n de la megatoma sostiene adem\u00e1s que la medida se enmarca en la facultad legal del ministerio y del Serviu para adquirir terrenos destinados a proyectos habitacionales, especialmente en contextos de emergencia o radicaci\u00f3n de campamentos. Un punto relevante del documento es el reconocimiento al proceso de organizaci\u00f3n interna del campamento.<\/p>\n<p>Las familias formaron 40 cooperativas cerradas que agrupan alrededor del 90% de los hogares, las que adem\u00e1s constituyeron una federaci\u00f3n para gestionar acuerdos y avanzar hacia una salida habitacional. Los representantes de la Federaci\u00f3n entregaron al Minvu el 28 de octubre una propuesta con un plan de ahorro que busca reunir $1.500.000 por familia al mes de diciembre, como aporte al financiamiento del proyecto.<\/p>\n<p>Este monto complementar\u00e1 los subsidios habitacionales tradicionales y \u2014seg\u00fan sostiene el ministerio\u2014 equivaldr\u00eda al valor de los terrenos a expropiar. El programa habitacional no solo apunta a regularizar la situaci\u00f3n de quienes viven en el cerro Centinela. El decreto tambi\u00e9n establece que parte del terreno quedar\u00e1 reservado para equipamiento p\u00fablico y para proyectos destinados a familias de la comuna o de la provincia de San Antonio que no residen en la megatoma, ampliando el alcance del plan.<\/p>\n<p>Los terrenos expropiados corresponden a los lotes 1A-1, 1A-3 y 1A-5 \u2014todos del mismo propietario\u2014 ubicados en sectores colindantes a Manuel Bulnes y Camino Viejo a San Antonio, abarcando zonas de las comunas de San Antonio y Cartagena.<\/p>\n<p>Con la publicaci\u00f3n del decreto en el Diario Oficial y su notificaci\u00f3n a las partes, el Gobierno activa formalmente un proceso que transforma el escenario que, hasta hace d\u00edas, parec\u00eda encaminarse hacia un desalojo masivo e in\u00e9dito en el pa\u00eds. El Minvu apuesta ahora por la construcci\u00f3n de un proyecto habitacional de largo aliento en los terrenos que ser\u00e1n expropiados por el Serviu.<\/p>\n","protected":false},"excerpt":{"rendered":"<p>Con el reloj judicial encima, el Ministerio de Vivienda y Urbanismo (Minvu) concret\u00f3 el tr\u00e1mite administrativo para avanzar en la expropiaci\u00f3n de m\u00e1s de 110 hect\u00e1reas vinculadas a la toma del cerro Centinela en San Antonio. A trav\u00e9s del decreto exento N\u00b0 88, la cartera comenz\u00f3 formalmente la ejecuci\u00f3n del Programa de Expropiaciones del futuro [&hellip;]<\/p>\n","protected":false},"author":2,"featured_media":21426,"comment_status":"closed","ping_status":"open","sticky":false,"template":"","format":"standard","meta":{"_jetpack_memberships_contains_paid_content":false,"jnews-multi-image_gallery":[],"jnews_single_post":[],"jnews_primary_category":[],"jnews_social_meta":[],"jnews_paywall_metabox":[],"jnews_review":[],"enable_review":"","type":"","name":"","summary":"","brand":"","sku":"","good":[],"bad":[],"score_override":"","override_value":"","rating":[],"price":[],"jnews_override_counter":[],"jnews_post_split":[],"footnotes":""},"categories":[21],"tags":[],"class_list":["post-21427","post","type-post","status-publish","format-standard","has-post-thumbnail","hentry","category-nacional"],"jetpack_featured_media_url":"https:\/\/laserenaradio.cl\/web\/wp-content\/uploads\/2025\/12\/homepiaiextractoscrapimg_predeterminadalaserenaradio_nacional-5.webp","jetpack_sharing_enabled":true,"_links":{"self":[{"href":"https:\/\/laserenaradio.cl\/web\/wp-json\/wp\/v2\/posts\/21427","targetHints":{"allow":["GET"]}}],"collection":[{"href":"https:\/\/laserenaradio.cl\/web\/wp-json\/wp\/v2\/posts"}],"about":[{"href":"https:\/\/laserenaradio.cl\/web\/wp-json\/wp\/v2\/types\/post"}],"author":[{"embeddable":true,"href":"https:\/\/laserenaradio.cl\/web\/wp-json\/wp\/v2\/users\/2"}],"replies":[{"embeddable":true,"href":"https:\/\/laserenaradio.cl\/web\/wp-json\/wp\/v2\/comments?post=21427"}],"version-history":[{"count":1,"href":"https:\/\/laserenaradio.cl\/web\/wp-json\/wp\/v2\/posts\/21427\/revisions"}],"predecessor-version":[{"id":21428,"href":"https:\/\/laserenaradio.cl\/web\/wp-json\/wp\/v2\/posts\/21427\/revisions\/21428"}],"wp:featuredmedia":[{"embeddable":true,"href":"https:\/\/laserenaradio.cl\/web\/wp-json\/wp\/v2\/media\/21426"}],"wp:attachment":[{"href":"https:\/\/laserenaradio.cl\/web\/wp-json\/wp\/v2\/media?parent=21427"}],"wp:term":[{"taxonomy":"category","embeddable":true,"href":"https:\/\/laserenaradio.cl\/web\/wp-json\/wp\/v2\/categories?post=21427"},{"taxonomy":"post_tag","embeddable":true,"href":"https:\/\/laserenaradio.cl\/web\/wp-json\/wp\/v2\/tags?post=21427"}],"curies":[{"name":"wp","href":"https:\/\/api.w.org\/{rel}","templated":true}]}}