{"id":21391,"date":"2025-12-01T21:34:53","date_gmt":"2025-12-02T00:34:53","guid":{"rendered":"https:\/\/laserenaradio.cl\/web\/?p=21391"},"modified":"2025-12-01T21:34:53","modified_gmt":"2025-12-02T00:34:53","slug":"hombre-muerto-por-disparo-en-lo-espejo","status":"publish","type":"post","link":"https:\/\/laserenaradio.cl\/web\/2025\/12\/01\/hombre-muerto-por-disparo-en-lo-espejo\/","title":{"rendered":"Hombre muerto por disparo en Lo Espejo"},"content":{"rendered":"<p>Una balacera en la v\u00eda p\u00fablica de Lo Espejo dej\u00f3 un hombre muerto por un disparo en la cabeza y a otra persona lesionada, fuera de riesgo vital.<\/p>\n<p>La Brigada de Homicidios (BH) Sur de la <a href=\"https:\/\/www.pdichile.cl\/\">PDI<\/a> indaga el crimen en el \u201cBarrio Chino\u201d de la comuna. <\/p>\n<p>Dos individuos chilenos estaban afuera de unos domicilios cuando fueron abordados por dos sujetos, quienes procedieron a dispararles.<\/p>\n<p>Una v\u00edctima recibi\u00f3 un impacto en la cabeza, lo que result\u00f3 en p\u00e9rdida de masa encef\u00e1lica y fue derivada al Servicio de Atenci\u00f3n Primaria de Urgencia de Alta Resoluci\u00f3n (SAR) Julio Acu\u00f1a Pinz\u00f3n. <\/p>\n<p>El otro individuo sufri\u00f3 un disparo en el t\u00f3rax y tambi\u00e9n fue trasladado a SAR, posteriormente siendo transferido a la Cl\u00ednica D\u00e1vila Vespucio donde se constat\u00f3 su muerte.<\/p>\n<p>La investigaci\u00f3n busca determinar si la persona que qued\u00f3 con vida tiene alguna relaci\u00f3n con la fallecida o si su presencia en el lugar fue circunstancial. <\/p>\n<p>Una de las l\u00edneas investigativas sugiere que la balacera podr\u00eda ser una venganza o un intento de controlar puntos del Barrio Chino para la venta de drogas.<\/p>\n<p>Los agresores dispararon a corta distancia y luego huyeron, dejando caer un cargador de la pistola en el lugar del suceso, que se encuentra como evidencia, tanto bal\u00edstica como en el sitio del crimen. <\/p>\n<p>Las v\u00edctimas son dos adultos chilenos residentes en el sector donde ocurri\u00f3 el tiroteo.<\/p>\n","protected":false},"excerpt":{"rendered":"<p>Una balacera en la v\u00eda p\u00fablica de Lo Espejo dej\u00f3 un hombre muerto por un disparo en la cabeza y a otra persona lesionada, fuera de riesgo vital. La Brigada de Homicidios (BH) Sur de la PDI indaga el crimen en el \u201cBarrio Chino\u201d de la comuna. Dos individuos chilenos estaban afuera de unos domicilios [&hellip;]<\/p>\n","protected":false},"author":2,"featured_media":21390,"comment_status":"closed","ping_status":"open","sticky":false,"template":"","format":"standard","meta":{"_jetpack_memberships_contains_paid_content":false,"jnews-multi-image_gallery":[],"jnews_single_post":[],"jnews_primary_category":[],"jnews_social_meta":[],"jnews_paywall_metabox":[],"jnews_review":[],"enable_review":"","type":"","name":"","summary":"","brand":"","sku":"","good":[],"bad":[],"score_override":"","override_value":"","rating":[],"price":[],"jnews_override_counter":[],"jnews_post_split":[],"footnotes":""},"categories":[21],"tags":[],"class_list":["post-21391","post","type-post","status-publish","format-standard","has-post-thumbnail","hentry","category-nacional"],"jetpack_featured_media_url":"https:\/\/laserenaradio.cl\/web\/wp-content\/uploads\/2025\/12\/homepiaiextractoscrapimg_webpdisparobalaceramuertocabeza_1.webp","jetpack_sharing_enabled":true,"_links":{"self":[{"href":"https:\/\/laserenaradio.cl\/web\/wp-json\/wp\/v2\/posts\/21391","targetHints":{"allow":["GET"]}}],"collection":[{"href":"https:\/\/laserenaradio.cl\/web\/wp-json\/wp\/v2\/posts"}],"about":[{"href":"https:\/\/laserenaradio.cl\/web\/wp-json\/wp\/v2\/types\/post"}],"author":[{"embeddable":true,"href":"https:\/\/laserenaradio.cl\/web\/wp-json\/wp\/v2\/users\/2"}],"replies":[{"embeddable":true,"href":"https:\/\/laserenaradio.cl\/web\/wp-json\/wp\/v2\/comments?post=21391"}],"version-history":[{"count":1,"href":"https:\/\/laserenaradio.cl\/web\/wp-json\/wp\/v2\/posts\/21391\/revisions"}],"predecessor-version":[{"id":21392,"href":"https:\/\/laserenaradio.cl\/web\/wp-json\/wp\/v2\/posts\/21391\/revisions\/21392"}],"wp:featuredmedia":[{"embeddable":true,"href":"https:\/\/laserenaradio.cl\/web\/wp-json\/wp\/v2\/media\/21390"}],"wp:attachment":[{"href":"https:\/\/laserenaradio.cl\/web\/wp-json\/wp\/v2\/media?parent=21391"}],"wp:term":[{"taxonomy":"category","embeddable":true,"href":"https:\/\/laserenaradio.cl\/web\/wp-json\/wp\/v2\/categories?post=21391"},{"taxonomy":"post_tag","embeddable":true,"href":"https:\/\/laserenaradio.cl\/web\/wp-json\/wp\/v2\/tags?post=21391"}],"curies":[{"name":"wp","href":"https:\/\/api.w.org\/{rel}","templated":true}]}}