{"id":21382,"date":"2025-12-01T17:51:36","date_gmt":"2025-12-01T20:51:36","guid":{"rendered":"https:\/\/laserenaradio.cl\/web\/?p=21382"},"modified":"2025-12-01T17:51:36","modified_gmt":"2025-12-01T20:51:36","slug":"desvinculacion-de-16-funcionarias-de-integra-por-viajar-al-extranjero-mientras-tenian-licencia-medica","status":"publish","type":"post","link":"https:\/\/laserenaradio.cl\/web\/2025\/12\/01\/desvinculacion-de-16-funcionarias-de-integra-por-viajar-al-extranjero-mientras-tenian-licencia-medica\/","title":{"rendered":"Desvinculaci\u00f3n de 16 funcionarias de Integra por viajar al extranjero mientras ten\u00edan licencia m\u00e9dica."},"content":{"rendered":"<p>La <a href=\"https:\/\/www.integra.cl\/\">Fundaci\u00f3n Integra<\/a> confirm\u00f3 la desvinculaci\u00f3n de 16 funcionarias en La Araucan\u00eda, tras una investigaci\u00f3n interna que determin\u00f3 viajes al extranjero durante licencia m\u00e9dica. El proceso continuo identific\u00f3 a 78 funcionarias que salieron del pa\u00eds en esa condici\u00f3n, con el 20% recibiendo la sanci\u00f3n m\u00e1xima.<\/p>\n<p>El director de Integra en La Araucan\u00eda, Rodrigo Neira, explic\u00f3 que la instituci\u00f3n aplic\u00f3 su protocolo interno y ejecut\u00f3 un debido proceso antes de determinar las sanciones. Resalt\u00f3 que solo el 20% fue desvinculado porque las sanciones dependen de los criterios establecidos durante la indagaci\u00f3n.<\/p>\n<p>Neira tambi\u00e9n detall\u00f3 que Integra aplica una pol\u00edtica interna de promoci\u00f3n y traslado para cubrir los cargos vacantes. Primero se reemplaza las vacantes inmediatas, luego se abre el cargo para cubrirlas como corresponde. Un proceso ya est\u00e1 en curso para suplir todos los cupos.<\/p>\n","protected":false},"excerpt":{"rendered":"<p>La Fundaci\u00f3n Integra confirm\u00f3 la desvinculaci\u00f3n de 16 funcionarias en La Araucan\u00eda, tras una investigaci\u00f3n interna que determin\u00f3 viajes al extranjero durante licencia m\u00e9dica. El proceso continuo identific\u00f3 a 78 funcionarias que salieron del pa\u00eds en esa condici\u00f3n, con el 20% recibiendo la sanci\u00f3n m\u00e1xima. El director de Integra en La Araucan\u00eda, Rodrigo Neira, explic\u00f3 [&hellip;]<\/p>\n","protected":false},"author":2,"featured_media":21381,"comment_status":"closed","ping_status":"open","sticky":false,"template":"","format":"standard","meta":{"_jetpack_memberships_contains_paid_content":false,"jnews-multi-image_gallery":[],"jnews_single_post":[],"jnews_primary_category":[],"jnews_social_meta":[],"jnews_paywall_metabox":[],"jnews_review":[],"enable_review":"","type":"","name":"","summary":"","brand":"","sku":"","good":[],"bad":[],"score_override":"","override_value":"","rating":[],"price":[],"jnews_override_counter":[],"jnews_post_split":[],"footnotes":""},"categories":[21],"tags":[],"class_list":["post-21382","post","type-post","status-publish","format-standard","has-post-thumbnail","hentry","category-nacional"],"jetpack_featured_media_url":"https:\/\/laserenaradio.cl\/web\/wp-content\/uploads\/2025\/12\/homepiaiextractoscrapimg_predeterminadalaserenaradio_nacional-1.webp","jetpack_sharing_enabled":true,"_links":{"self":[{"href":"https:\/\/laserenaradio.cl\/web\/wp-json\/wp\/v2\/posts\/21382","targetHints":{"allow":["GET"]}}],"collection":[{"href":"https:\/\/laserenaradio.cl\/web\/wp-json\/wp\/v2\/posts"}],"about":[{"href":"https:\/\/laserenaradio.cl\/web\/wp-json\/wp\/v2\/types\/post"}],"author":[{"embeddable":true,"href":"https:\/\/laserenaradio.cl\/web\/wp-json\/wp\/v2\/users\/2"}],"replies":[{"embeddable":true,"href":"https:\/\/laserenaradio.cl\/web\/wp-json\/wp\/v2\/comments?post=21382"}],"version-history":[{"count":1,"href":"https:\/\/laserenaradio.cl\/web\/wp-json\/wp\/v2\/posts\/21382\/revisions"}],"predecessor-version":[{"id":21383,"href":"https:\/\/laserenaradio.cl\/web\/wp-json\/wp\/v2\/posts\/21382\/revisions\/21383"}],"wp:featuredmedia":[{"embeddable":true,"href":"https:\/\/laserenaradio.cl\/web\/wp-json\/wp\/v2\/media\/21381"}],"wp:attachment":[{"href":"https:\/\/laserenaradio.cl\/web\/wp-json\/wp\/v2\/media?parent=21382"}],"wp:term":[{"taxonomy":"category","embeddable":true,"href":"https:\/\/laserenaradio.cl\/web\/wp-json\/wp\/v2\/categories?post=21382"},{"taxonomy":"post_tag","embeddable":true,"href":"https:\/\/laserenaradio.cl\/web\/wp-json\/wp\/v2\/tags?post=21382"}],"curies":[{"name":"wp","href":"https:\/\/api.w.org\/{rel}","templated":true}]}}