{"id":21358,"date":"2025-11-30T21:11:38","date_gmt":"2025-12-01T00:11:38","guid":{"rendered":"https:\/\/laserenaradio.cl\/web\/?p=21358"},"modified":"2025-11-30T21:11:38","modified_gmt":"2025-12-01T00:11:38","slug":"prision-preventiva-para-acosador-de-influencer","status":"publish","type":"post","link":"https:\/\/laserenaradio.cl\/web\/2025\/11\/30\/prision-preventiva-para-acosador-de-influencer\/","title":{"rendered":"Prisi\u00f3n preventiva para acosador de influencer"},"content":{"rendered":"<p>Luego de m\u00e1s de tres horas de audiencia, finaliz\u00f3 la instancia judicial donde se declar\u00f3 la prisi\u00f3n preventiva para C\u00e9sar Vivas Becerra (30) de nacionalidad venezolana. Esto por los 150 d\u00edas que dure la investigaci\u00f3n.<\/p>\n<p>C\u00e9sar Vivas fue detenido el pasado mi\u00e9rcoles por la Brigada de Delitos Sexuales de la <a href=\"https:\/\/www.pdichile.cl\/\">PDI<\/a>, acusado de acosar a una influencer de 16 a\u00f1os en Osorno.<\/p>\n<p>En la instancia judicial, se le imputaron delitos de amenazas. Tambi\u00e9n se acusa al sujeto de tratos degradantes en contra de la v\u00edctima y almacenamiento de material pornogr\u00e1fico infantil, esto por la utilizaci\u00f3n de la imagen de la menor para generar contenido connotado sexualmente.<\/p>\n<p>Esta es una de las acusaciones m\u00e1s graves que fue expuesta por la <a href=\"https:\/\/www.fiscaliadechile.cl\/\">Fiscal\u00eda<\/a>. Se busca materializar una condena cercana a los cinco a\u00f1os de c\u00e1rcel.<\/p>\n","protected":false},"excerpt":{"rendered":"<p>Luego de m\u00e1s de tres horas de audiencia, finaliz\u00f3 la instancia judicial donde se declar\u00f3 la prisi\u00f3n preventiva para C\u00e9sar Vivas Becerra (30) de nacionalidad venezolana. Esto por los 150 d\u00edas que dure la investigaci\u00f3n. C\u00e9sar Vivas fue detenido el pasado mi\u00e9rcoles por la Brigada de Delitos Sexuales de la PDI, acusado de acosar a [&hellip;]<\/p>\n","protected":false},"author":2,"featured_media":21357,"comment_status":"closed","ping_status":"open","sticky":false,"template":"","format":"standard","meta":{"_jetpack_memberships_contains_paid_content":false,"jnews-multi-image_gallery":[],"jnews_single_post":[],"jnews_primary_category":[],"jnews_social_meta":[],"jnews_paywall_metabox":[],"jnews_review":[],"enable_review":"","type":"","name":"","summary":"","brand":"","sku":"","good":[],"bad":[],"score_override":"","override_value":"","rating":[],"price":[],"jnews_override_counter":[],"jnews_post_split":[],"footnotes":""},"categories":[21],"tags":[],"class_list":["post-21358","post","type-post","status-publish","format-standard","has-post-thumbnail","hentry","category-nacional"],"jetpack_featured_media_url":"https:\/\/laserenaradio.cl\/web\/wp-content\/uploads\/2025\/11\/homepiaiextractoscrapimg_webpjudicialpreventivainfluencer_1.webp","jetpack_sharing_enabled":true,"_links":{"self":[{"href":"https:\/\/laserenaradio.cl\/web\/wp-json\/wp\/v2\/posts\/21358","targetHints":{"allow":["GET"]}}],"collection":[{"href":"https:\/\/laserenaradio.cl\/web\/wp-json\/wp\/v2\/posts"}],"about":[{"href":"https:\/\/laserenaradio.cl\/web\/wp-json\/wp\/v2\/types\/post"}],"author":[{"embeddable":true,"href":"https:\/\/laserenaradio.cl\/web\/wp-json\/wp\/v2\/users\/2"}],"replies":[{"embeddable":true,"href":"https:\/\/laserenaradio.cl\/web\/wp-json\/wp\/v2\/comments?post=21358"}],"version-history":[{"count":1,"href":"https:\/\/laserenaradio.cl\/web\/wp-json\/wp\/v2\/posts\/21358\/revisions"}],"predecessor-version":[{"id":21359,"href":"https:\/\/laserenaradio.cl\/web\/wp-json\/wp\/v2\/posts\/21358\/revisions\/21359"}],"wp:featuredmedia":[{"embeddable":true,"href":"https:\/\/laserenaradio.cl\/web\/wp-json\/wp\/v2\/media\/21357"}],"wp:attachment":[{"href":"https:\/\/laserenaradio.cl\/web\/wp-json\/wp\/v2\/media?parent=21358"}],"wp:term":[{"taxonomy":"category","embeddable":true,"href":"https:\/\/laserenaradio.cl\/web\/wp-json\/wp\/v2\/categories?post=21358"},{"taxonomy":"post_tag","embeddable":true,"href":"https:\/\/laserenaradio.cl\/web\/wp-json\/wp\/v2\/tags?post=21358"}],"curies":[{"name":"wp","href":"https:\/\/api.w.org\/{rel}","templated":true}]}}