{"id":21346,"date":"2025-11-30T21:03:34","date_gmt":"2025-12-01T00:03:34","guid":{"rendered":"https:\/\/laserenaradio.cl\/web\/?p=21346"},"modified":"2025-11-30T21:03:34","modified_gmt":"2025-12-01T00:03:34","slug":"vecinos-y-constructora-se-enfrentan-por-obras-inmobiliarias-en-un-complejo-turistico-privado-de-coquimbo","status":"publish","type":"post","link":"https:\/\/laserenaradio.cl\/web\/2025\/11\/30\/vecinos-y-constructora-se-enfrentan-por-obras-inmobiliarias-en-un-complejo-turistico-privado-de-coquimbo\/","title":{"rendered":"Vecinos y constructora se enfrentan por obras inmobiliarias en un complejo tur\u00edstico privado de Coquimbo"},"content":{"rendered":"<p>Una inmobiliaria busca levantar edificios en el complejo tur\u00edstico Las Tacas, ubicado en la Regi\u00f3n de Coquimbo. Sin embargo, un grupo de vecinos denuncia trabajos en d\u00edas y horas inh\u00e1biles con altos niveles de ruido.<\/p>\n<p>Abogados de la Administradora Las Tacas, que gestiona diez comunidades dentro del recinto, junto con otros copropietarios de departamentos, presentaron un recurso de protecci\u00f3n contra Las Tacas Corp, due\u00f1a de un lote donde se levantan dos edificios de cuatro pisos, y contra Constructora IGS, responsable de las obras.<\/p>\n<p>Los vecinos acusan ilegalidades y arbitrariedades en la ejecuci\u00f3n de trabajos durante fines de semana y festivos con altos niveles de ruido. En mayo, suscribieron un acuerdo que permit\u00eda trabajos de lunes a viernes entre 9:00 y 18:00 horas, sin embargo, han recibido multas.<\/p>\n<p>Las Tacas Corp y Constructora IGS rechazaron los cuestionamientos. Indicaron que el recurso es parte de acciones judiciales interpuestas por personas que buscan cerrar Las Tacas a nuevos desarrollos inmobiliarios. Aclararon que, voluntariamente, informaron horarios para aliviar las inquietudes vecinales.<\/p>\n<p>La Corte de Apelaciones de La Serena rechaz\u00f3 el recurso, indicando que ya se iniciaron procedimientos t\u00e9cnicos y fiscalizaci\u00f3n por la Direcci\u00f3n de Obras de Coquimbo. Los reclamantes apelan a la Corte Suprema, afirmando que buscan proteger la calidad de vida en lugar de detener la obra.<\/p>\n","protected":false},"excerpt":{"rendered":"<p>Una inmobiliaria busca levantar edificios en el complejo tur\u00edstico Las Tacas, ubicado en la Regi\u00f3n de Coquimbo. Sin embargo, un grupo de vecinos denuncia trabajos en d\u00edas y horas inh\u00e1biles con altos niveles de ruido. Abogados de la Administradora Las Tacas, que gestiona diez comunidades dentro del recinto, junto con otros copropietarios de departamentos, presentaron [&hellip;]<\/p>\n","protected":false},"author":2,"featured_media":21345,"comment_status":"closed","ping_status":"open","sticky":false,"template":"","format":"standard","meta":{"_jetpack_memberships_contains_paid_content":false,"jnews-multi-image_gallery":[],"jnews_single_post":[],"jnews_primary_category":[],"jnews_social_meta":[],"jnews_paywall_metabox":[],"jnews_review":[],"enable_review":"","type":"","name":"","summary":"","brand":"","sku":"","good":[],"bad":[],"score_override":"","override_value":"","rating":[],"price":[],"jnews_override_counter":[],"jnews_post_split":[],"footnotes":""},"categories":[21],"tags":[],"class_list":["post-21346","post","type-post","status-publish","format-standard","has-post-thumbnail","hentry","category-nacional"],"jetpack_featured_media_url":"https:\/\/laserenaradio.cl\/web\/wp-content\/uploads\/2025\/11\/homepiaiextractoscrapimg_predeterminadalaserenaradio_nacional-58.webp","jetpack_sharing_enabled":true,"_links":{"self":[{"href":"https:\/\/laserenaradio.cl\/web\/wp-json\/wp\/v2\/posts\/21346","targetHints":{"allow":["GET"]}}],"collection":[{"href":"https:\/\/laserenaradio.cl\/web\/wp-json\/wp\/v2\/posts"}],"about":[{"href":"https:\/\/laserenaradio.cl\/web\/wp-json\/wp\/v2\/types\/post"}],"author":[{"embeddable":true,"href":"https:\/\/laserenaradio.cl\/web\/wp-json\/wp\/v2\/users\/2"}],"replies":[{"embeddable":true,"href":"https:\/\/laserenaradio.cl\/web\/wp-json\/wp\/v2\/comments?post=21346"}],"version-history":[{"count":1,"href":"https:\/\/laserenaradio.cl\/web\/wp-json\/wp\/v2\/posts\/21346\/revisions"}],"predecessor-version":[{"id":21347,"href":"https:\/\/laserenaradio.cl\/web\/wp-json\/wp\/v2\/posts\/21346\/revisions\/21347"}],"wp:featuredmedia":[{"embeddable":true,"href":"https:\/\/laserenaradio.cl\/web\/wp-json\/wp\/v2\/media\/21345"}],"wp:attachment":[{"href":"https:\/\/laserenaradio.cl\/web\/wp-json\/wp\/v2\/media?parent=21346"}],"wp:term":[{"taxonomy":"category","embeddable":true,"href":"https:\/\/laserenaradio.cl\/web\/wp-json\/wp\/v2\/categories?post=21346"},{"taxonomy":"post_tag","embeddable":true,"href":"https:\/\/laserenaradio.cl\/web\/wp-json\/wp\/v2\/tags?post=21346"}],"curies":[{"name":"wp","href":"https:\/\/api.w.org\/{rel}","templated":true}]}}