{"id":21335,"date":"2025-11-28T22:38:08","date_gmt":"2025-11-29T01:38:08","guid":{"rendered":"https:\/\/laserenaradio.cl\/web\/?p=21335"},"modified":"2025-11-28T22:38:08","modified_gmt":"2025-11-29T01:38:08","slug":"peru-declara-estado-de-emergencia-por-migracion-en-frontera-con-chile","status":"publish","type":"post","link":"https:\/\/laserenaradio.cl\/web\/2025\/11\/28\/peru-declara-estado-de-emergencia-por-migracion-en-frontera-con-chile\/","title":{"rendered":"Per\u00fa declara Estado de Emergencia por migraci\u00f3n en frontera con Chile"},"content":{"rendered":"<p>El presidente de Per\u00fa, Jos\u00e9 Jer\u00ed, anunci\u00f3 mediante su cuenta de X la declaratoria inminente del Estado de Emergencia en la frontera con Chile, producto de la crisis migratoria.<\/p>\n<p>Esta medida busca &#8220;generar tranquilidad ante el riesgo de ingreso de migrantes sin autorizaci\u00f3n y que podr\u00eda amenazar la seguridad ciudadana&#8221;, afirm\u00f3 el jefe de Estado. De acuerdo con lo reportado por RPP Noticias, la justificaci\u00f3n se centra en dos elementos concretos: el ingreso no autorizado de migrantes y la protecci\u00f3n de la seguridad ciudadana.<\/p>\n<p>Tacna se convierte as\u00ed en el territorio inicial de una pol\u00edtica fronteriza m\u00e1s estricta. Mientras que el ministro de Relaciones Exteriores de Per\u00fa, Hugo de Zela, anunci\u00f3 la creaci\u00f3n inmediata del Comit\u00e9 Binacional de Cooperaci\u00f3n Migratoria entre Per\u00fa y Chile.<\/p>\n<p>Este organismo iniciar\u00e1 funciones este lunes con el objetivo de abordar la situaci\u00f3n de la poblaci\u00f3n migrante en la frontera entre Tacna y Arica. El canciller afirm\u00f3 que el Gobierno no permitir\u00e1 la migraci\u00f3n irregular: &#8220;No tenemos las condiciones, ni las capacidades para recibir m\u00e1s migrantes. Nuestras capacidades est\u00e1n colmadas, por lo que el Per\u00fa aplicar\u00e1 de manera estricta las leyes peruanas&#8221;, puntualiz\u00f3.<\/p>\n<p>De Zela tambi\u00e9n confirm\u00f3 que convers\u00f3 con funcionarios del ACNUR y la OIM. A estos organismos internacionales les reafirm\u00f3 la disposici\u00f3n del Per\u00fa de abordar la situaci\u00f3n migratoria respetando siempre el derecho humanitario.<\/p>\n<p>Cabe destacar que durante esta ma\u00f1ana, en las cercan\u00edas del complejo fronterizo Chacalluta, ciudadanos extranjeros enfrentaron dificultades para salir de Chile ante nuevas medidas fronterizas de Per\u00fa. El hecho provoc\u00f3 el bloqueo de la ruta en ambas direcciones.<\/p>\n","protected":false},"excerpt":{"rendered":"<p>El presidente de Per\u00fa, Jos\u00e9 Jer\u00ed, anunci\u00f3 mediante su cuenta de X la declaratoria inminente del Estado de Emergencia en la frontera con Chile, producto de la crisis migratoria. Esta medida busca &#8220;generar tranquilidad ante el riesgo de ingreso de migrantes sin autorizaci\u00f3n y que podr\u00eda amenazar la seguridad ciudadana&#8221;, afirm\u00f3 el jefe de Estado. [&hellip;]<\/p>\n","protected":false},"author":2,"featured_media":21334,"comment_status":"closed","ping_status":"open","sticky":false,"template":"","format":"standard","meta":{"_jetpack_memberships_contains_paid_content":false,"jnews-multi-image_gallery":[],"jnews_single_post":[],"jnews_primary_category":[],"jnews_social_meta":[],"jnews_paywall_metabox":[],"jnews_review":[],"enable_review":"","type":"","name":"","summary":"","brand":"","sku":"","good":[],"bad":[],"score_override":"","override_value":"","rating":[],"price":[],"jnews_override_counter":[],"jnews_post_split":[],"footnotes":""},"categories":[21],"tags":[],"class_list":["post-21335","post","type-post","status-publish","format-standard","has-post-thumbnail","hentry","category-nacional"],"jetpack_featured_media_url":"https:\/\/laserenaradio.cl\/web\/wp-content\/uploads\/2025\/11\/homepiaiextractoscrapimg_predeterminadalaserenaradio_ultimo_minuto-7.webp","jetpack_sharing_enabled":true,"_links":{"self":[{"href":"https:\/\/laserenaradio.cl\/web\/wp-json\/wp\/v2\/posts\/21335","targetHints":{"allow":["GET"]}}],"collection":[{"href":"https:\/\/laserenaradio.cl\/web\/wp-json\/wp\/v2\/posts"}],"about":[{"href":"https:\/\/laserenaradio.cl\/web\/wp-json\/wp\/v2\/types\/post"}],"author":[{"embeddable":true,"href":"https:\/\/laserenaradio.cl\/web\/wp-json\/wp\/v2\/users\/2"}],"replies":[{"embeddable":true,"href":"https:\/\/laserenaradio.cl\/web\/wp-json\/wp\/v2\/comments?post=21335"}],"version-history":[{"count":1,"href":"https:\/\/laserenaradio.cl\/web\/wp-json\/wp\/v2\/posts\/21335\/revisions"}],"predecessor-version":[{"id":21336,"href":"https:\/\/laserenaradio.cl\/web\/wp-json\/wp\/v2\/posts\/21335\/revisions\/21336"}],"wp:featuredmedia":[{"embeddable":true,"href":"https:\/\/laserenaradio.cl\/web\/wp-json\/wp\/v2\/media\/21334"}],"wp:attachment":[{"href":"https:\/\/laserenaradio.cl\/web\/wp-json\/wp\/v2\/media?parent=21335"}],"wp:term":[{"taxonomy":"category","embeddable":true,"href":"https:\/\/laserenaradio.cl\/web\/wp-json\/wp\/v2\/categories?post=21335"},{"taxonomy":"post_tag","embeddable":true,"href":"https:\/\/laserenaradio.cl\/web\/wp-json\/wp\/v2\/tags?post=21335"}],"curies":[{"name":"wp","href":"https:\/\/api.w.org\/{rel}","templated":true}]}}