{"id":21323,"date":"2025-11-28T17:47:34","date_gmt":"2025-11-28T20:47:34","guid":{"rendered":"https:\/\/laserenaradio.cl\/web\/?p=21323"},"modified":"2025-11-28T17:47:34","modified_gmt":"2025-11-28T20:47:34","slug":"nino-de-3-anos-desaparece-en-jardin-infantil-de-valdivia-y-es-encontrado-vagando-por-la-calle","status":"publish","type":"post","link":"https:\/\/laserenaradio.cl\/web\/2025\/11\/28\/nino-de-3-anos-desaparece-en-jardin-infantil-de-valdivia-y-es-encontrado-vagando-por-la-calle\/","title":{"rendered":"Ni\u00f1o de 3 a\u00f1os desaparece en jard\u00edn infantil de Valdivia y es encontrado vagando por la calle"},"content":{"rendered":"<p>Un ni\u00f1o de 3 a\u00f1os descalzo y en la v\u00eda p\u00fablica gener\u00f3 alarma en Valdivia, regi\u00f3n de Los R\u00edos. El peque\u00f1o sali\u00f3 del Jard\u00edn Infantil Campanita de <a href=\"http:\/\/www.junji.gob.cl\/\">JUNJI<\/a> pero no fue encontrado por su abuela. Locatarios y transe\u00fantes participaron en la b\u00fasqueda hasta que un ciudadano lo localiz\u00f3 a dos cuadras del establecimiento. La madre pidi\u00f3 mayor atenci\u00f3n a las autoridades educativas para prevenir semejante incidente.<\/p>\n<p>Desde <a href=\"http:\/\/www.junji.gob.cl\/\">JUNJI<\/a> Los R\u00edos, se activaron protocolos de seguridad y se iniciaron acciones administrativas e judiciales. Un sumario interno fue abierto y medidas operativas inmediatas fueron implementadas en el jard\u00edn infantil. La situaci\u00f3n tambi\u00e9n impact\u00f3 a las familias que expresaron su preocupaci\u00f3n.<\/p>\n<p>Este episodio sirve como recordatorio sobre la importancia de los protocolos de seguridad en establecimientos educativos, con especial \u00e9nfasis en la supervisi\u00f3n de menores y medidas para evitar fugas. Las autoridades locales est\u00e1n atentas a mejorar estos aspectos para proteger mejor a los ni\u00f1os en su cuidado.<\/p>\n","protected":false},"excerpt":{"rendered":"<p>Un ni\u00f1o de 3 a\u00f1os descalzo y en la v\u00eda p\u00fablica gener\u00f3 alarma en Valdivia, regi\u00f3n de Los R\u00edos. El peque\u00f1o sali\u00f3 del Jard\u00edn Infantil Campanita de JUNJI pero no fue encontrado por su abuela. Locatarios y transe\u00fantes participaron en la b\u00fasqueda hasta que un ciudadano lo localiz\u00f3 a dos cuadras del establecimiento. La madre [&hellip;]<\/p>\n","protected":false},"author":2,"featured_media":21322,"comment_status":"closed","ping_status":"open","sticky":false,"template":"","format":"standard","meta":{"_jetpack_memberships_contains_paid_content":false,"jnews-multi-image_gallery":[],"jnews_single_post":[],"jnews_primary_category":[],"jnews_social_meta":[],"jnews_paywall_metabox":[],"jnews_review":[],"enable_review":"","type":"","name":"","summary":"","brand":"","sku":"","good":[],"bad":[],"score_override":"","override_value":"","rating":[],"price":[],"jnews_override_counter":[],"jnews_post_split":[],"footnotes":""},"categories":[21],"tags":[],"class_list":["post-21323","post","type-post","status-publish","format-standard","has-post-thumbnail","hentry","category-nacional"],"jetpack_featured_media_url":"https:\/\/laserenaradio.cl\/web\/wp-content\/uploads\/2025\/11\/homepiaiextractoscrapimg_webpValdiviajunjigobencontrado_0.webp","jetpack_sharing_enabled":true,"_links":{"self":[{"href":"https:\/\/laserenaradio.cl\/web\/wp-json\/wp\/v2\/posts\/21323","targetHints":{"allow":["GET"]}}],"collection":[{"href":"https:\/\/laserenaradio.cl\/web\/wp-json\/wp\/v2\/posts"}],"about":[{"href":"https:\/\/laserenaradio.cl\/web\/wp-json\/wp\/v2\/types\/post"}],"author":[{"embeddable":true,"href":"https:\/\/laserenaradio.cl\/web\/wp-json\/wp\/v2\/users\/2"}],"replies":[{"embeddable":true,"href":"https:\/\/laserenaradio.cl\/web\/wp-json\/wp\/v2\/comments?post=21323"}],"version-history":[{"count":1,"href":"https:\/\/laserenaradio.cl\/web\/wp-json\/wp\/v2\/posts\/21323\/revisions"}],"predecessor-version":[{"id":21324,"href":"https:\/\/laserenaradio.cl\/web\/wp-json\/wp\/v2\/posts\/21323\/revisions\/21324"}],"wp:featuredmedia":[{"embeddable":true,"href":"https:\/\/laserenaradio.cl\/web\/wp-json\/wp\/v2\/media\/21322"}],"wp:attachment":[{"href":"https:\/\/laserenaradio.cl\/web\/wp-json\/wp\/v2\/media?parent=21323"}],"wp:term":[{"taxonomy":"category","embeddable":true,"href":"https:\/\/laserenaradio.cl\/web\/wp-json\/wp\/v2\/categories?post=21323"},{"taxonomy":"post_tag","embeddable":true,"href":"https:\/\/laserenaradio.cl\/web\/wp-json\/wp\/v2\/tags?post=21323"}],"curies":[{"name":"wp","href":"https:\/\/api.w.org\/{rel}","templated":true}]}}