{"id":21320,"date":"2025-11-28T17:42:34","date_gmt":"2025-11-28T20:42:34","guid":{"rendered":"https:\/\/laserenaradio.cl\/web\/?p=21320"},"modified":"2025-11-28T17:42:34","modified_gmt":"2025-11-28T20:42:34","slug":"condena-del-colegio-de-profesores-por-agresion-a-profesoras-en-instituto-nacional","status":"publish","type":"post","link":"https:\/\/laserenaradio.cl\/web\/2025\/11\/28\/condena-del-colegio-de-profesores-por-agresion-a-profesoras-en-instituto-nacional\/","title":{"rendered":"Condena del Colegio de Profesores por agresi\u00f3n a profesoras en Instituto Nacional"},"content":{"rendered":"<p>El presidente del Colegio de Profesores, Mario Aguilar, conden\u00f3 los hechos ocurridos en el Instituto Nacional donde tres profesoras fueron rociadas con bencina. Incidentes protagonizados por encapuchados y overoles blancos generaron preocupaci\u00f3n. Adem\u00e1s, Aguilar respondi\u00f3 al alcalde de Santiago, Mario Desbordes, calific\u00e1ndolo de obsesionado con el gremio.<\/p>\n<p>Los hechos acontecidos hoy en el Instituto Nacional son grav\u00edsimos y se condenan categ\u00f3ricamente. No va a mejorar la educaci\u00f3n con hechos de violencia. Este tipo de acciones es un pretexto que ya pr\u00e1cticamente no tiene sentido, seg\u00fan Aguilar.<\/p>\n<p>Aguilar a\u00f1adi\u00f3: \u00bfEn qu\u00e9 contribuye agredir a profesoras para mejorar la educaci\u00f3n? Esto es absurdo y una violencia sin sentido. El gremio siempre ha condenado este tipo de acciones.<\/p>\n<p>Por otro lado, el presidente del gremio llam\u00f3 al alcalde Desbordes a no aprovechar pol\u00edticamente este tema. Adem\u00e1s, se pidi\u00f3 una \u201ccondena universal\u201d del ministro de Educaci\u00f3n y del Defensor de la Ni\u00f1ez.<\/p>\n<p>El jefe comunal se\u00f1al\u00f3 que el gremio \u201cguarda silencio constantemente ante estos hechos\u201d. Aguilar respondi\u00f3: \u201cEl se\u00f1or alcalde tiene una obsesi\u00f3n con el Colegio de Profesores, lo cual es un poco preocupante\u201d.<\/p>\n<p>Finalmente, Aguilar manifest\u00f3 la necesidad de tomar medidas para prevenir este tipo de incidentes y proteger a las y los trabajadores. No puede ser que hoy ser profesor sea una profesi\u00f3n de riesgo donde se pueda temer por la integridad f\u00edsica o la vida.<\/p>\n<p>Rechazamos y condenamos cualquier tipo de violencia hacia miembros de la comunidad, extendiendo nuestra solidaridad a las funcionarias que fueron v\u00edctimas de esta agresi\u00f3n.<\/p>\n","protected":false},"excerpt":{"rendered":"<p>El presidente del Colegio de Profesores, Mario Aguilar, conden\u00f3 los hechos ocurridos en el Instituto Nacional donde tres profesoras fueron rociadas con bencina. Incidentes protagonizados por encapuchados y overoles blancos generaron preocupaci\u00f3n. Adem\u00e1s, Aguilar respondi\u00f3 al alcalde de Santiago, Mario Desbordes, calific\u00e1ndolo de obsesionado con el gremio. Los hechos acontecidos hoy en el Instituto Nacional [&hellip;]<\/p>\n","protected":false},"author":2,"featured_media":21319,"comment_status":"closed","ping_status":"open","sticky":false,"template":"","format":"standard","meta":{"_jetpack_memberships_contains_paid_content":false,"jnews-multi-image_gallery":[],"jnews_single_post":[],"jnews_primary_category":[],"jnews_social_meta":[],"jnews_paywall_metabox":[],"jnews_review":[],"enable_review":"","type":"","name":"","summary":"","brand":"","sku":"","good":[],"bad":[],"score_override":"","override_value":"","rating":[],"price":[],"jnews_override_counter":[],"jnews_post_split":[],"footnotes":""},"categories":[21],"tags":[],"class_list":["post-21320","post","type-post","status-publish","format-standard","has-post-thumbnail","hentry","category-nacional"],"jetpack_featured_media_url":"https:\/\/laserenaradio.cl\/web\/wp-content\/uploads\/2025\/11\/homepiaiextractoscrapimg_predeterminadalaserenaradio_nacional-57.webp","jetpack_sharing_enabled":true,"_links":{"self":[{"href":"https:\/\/laserenaradio.cl\/web\/wp-json\/wp\/v2\/posts\/21320","targetHints":{"allow":["GET"]}}],"collection":[{"href":"https:\/\/laserenaradio.cl\/web\/wp-json\/wp\/v2\/posts"}],"about":[{"href":"https:\/\/laserenaradio.cl\/web\/wp-json\/wp\/v2\/types\/post"}],"author":[{"embeddable":true,"href":"https:\/\/laserenaradio.cl\/web\/wp-json\/wp\/v2\/users\/2"}],"replies":[{"embeddable":true,"href":"https:\/\/laserenaradio.cl\/web\/wp-json\/wp\/v2\/comments?post=21320"}],"version-history":[{"count":1,"href":"https:\/\/laserenaradio.cl\/web\/wp-json\/wp\/v2\/posts\/21320\/revisions"}],"predecessor-version":[{"id":21321,"href":"https:\/\/laserenaradio.cl\/web\/wp-json\/wp\/v2\/posts\/21320\/revisions\/21321"}],"wp:featuredmedia":[{"embeddable":true,"href":"https:\/\/laserenaradio.cl\/web\/wp-json\/wp\/v2\/media\/21319"}],"wp:attachment":[{"href":"https:\/\/laserenaradio.cl\/web\/wp-json\/wp\/v2\/media?parent=21320"}],"wp:term":[{"taxonomy":"category","embeddable":true,"href":"https:\/\/laserenaradio.cl\/web\/wp-json\/wp\/v2\/categories?post=21320"},{"taxonomy":"post_tag","embeddable":true,"href":"https:\/\/laserenaradio.cl\/web\/wp-json\/wp\/v2\/tags?post=21320"}],"curies":[{"name":"wp","href":"https:\/\/api.w.org\/{rel}","templated":true}]}}