{"id":21299,"date":"2025-11-28T13:46:29","date_gmt":"2025-11-28T16:46:29","guid":{"rendered":"https:\/\/laserenaradio.cl\/web\/?p=21299"},"modified":"2025-11-28T13:46:29","modified_gmt":"2025-11-28T16:46:29","slug":"estudiante-ataca-a-profesor-de-universidad-y-es-encerrado-en-prision-preventiva","status":"publish","type":"post","link":"https:\/\/laserenaradio.cl\/web\/2025\/11\/28\/estudiante-ataca-a-profesor-de-universidad-y-es-encerrado-en-prision-preventiva\/","title":{"rendered":"Estudiante ataca a profesor de universidad y es encerrado en prisi\u00f3n preventiva."},"content":{"rendered":"<p>En prisi\u00f3n preventiva qued\u00f3 el estudiante de la Universidad T\u00e9cnico Federico Santa Mar\u00eda. El hecho ocurri\u00f3 durante la tarde del mi\u00e9rcoles en el Campus Casa Central de Valpara\u00edso. Todo se desarroll\u00f3 r\u00e1pidamente, siendo contenido inmediatamente para evitar consecuencias mayores.<\/p>\n<p>El profesor afectado recibi\u00f3 atenci\u00f3n m\u00e9dica inmediata y fue derivado a un centro asistencial para su evaluaci\u00f3n. Paralelamente, <a href=\"https:\/\/www.carabineros.cl\/\">Carabineros<\/a> fue informada y protocolos internos fueron activados seg\u00fan la normativa institucional vigente.<\/p>\n<p>El estudiante fue retenido por personal de seguridad y qued\u00f3 bajo acompa\u00f1amiento profesional por parte de un psic\u00f3logo, resguardando su integridad y la de toda la comunidad universitaria.<\/p>\n<p>Recientemente, el abogado defensor del imputado asegur\u00f3 que solicitar\u00edan la inimputabilidad del estudiante debido a problemas psiqui\u00e1tricos. Sin embargo, ante la solicitud de inimputabilidad por enajenaci\u00f3n mental, se presentaron los antecedentes pero se desestim\u00f3 por falta de sustento legal.<\/p>\n<p>Durante la formalizaci\u00f3n, se revel\u00f3 que el docente sufri\u00f3 heridas en la cabeza, piernas y manos. En esta \u00faltima parte, el imputado le arranc\u00f3 la yema de dos dedos.<\/p>\n<p>Por lo mismo, qued\u00f3 en prisi\u00f3n preventiva y el tribunal otorg\u00f3 un plazo de 100 d\u00edas para la investigaci\u00f3n.<\/p>\n","protected":false},"excerpt":{"rendered":"<p>En prisi\u00f3n preventiva qued\u00f3 el estudiante de la Universidad T\u00e9cnico Federico Santa Mar\u00eda. El hecho ocurri\u00f3 durante la tarde del mi\u00e9rcoles en el Campus Casa Central de Valpara\u00edso. Todo se desarroll\u00f3 r\u00e1pidamente, siendo contenido inmediatamente para evitar consecuencias mayores. El profesor afectado recibi\u00f3 atenci\u00f3n m\u00e9dica inmediata y fue derivado a un centro asistencial para su [&hellip;]<\/p>\n","protected":false},"author":2,"featured_media":21298,"comment_status":"closed","ping_status":"open","sticky":false,"template":"","format":"standard","meta":{"_jetpack_memberships_contains_paid_content":false,"jnews-multi-image_gallery":[],"jnews_single_post":[],"jnews_primary_category":[],"jnews_social_meta":[],"jnews_paywall_metabox":[],"jnews_review":[],"enable_review":"","type":"","name":"","summary":"","brand":"","sku":"","good":[],"bad":[],"score_override":"","override_value":"","rating":[],"price":[],"jnews_override_counter":[],"jnews_post_split":[],"footnotes":""},"categories":[21],"tags":[],"class_list":["post-21299","post","type-post","status-publish","format-standard","has-post-thumbnail","hentry","category-nacional"],"jetpack_featured_media_url":"https:\/\/laserenaradio.cl\/web\/wp-content\/uploads\/2025\/11\/homepiaiextractoscrapimg_webpestudianteprofesorparte_0.webp","jetpack_sharing_enabled":true,"_links":{"self":[{"href":"https:\/\/laserenaradio.cl\/web\/wp-json\/wp\/v2\/posts\/21299","targetHints":{"allow":["GET"]}}],"collection":[{"href":"https:\/\/laserenaradio.cl\/web\/wp-json\/wp\/v2\/posts"}],"about":[{"href":"https:\/\/laserenaradio.cl\/web\/wp-json\/wp\/v2\/types\/post"}],"author":[{"embeddable":true,"href":"https:\/\/laserenaradio.cl\/web\/wp-json\/wp\/v2\/users\/2"}],"replies":[{"embeddable":true,"href":"https:\/\/laserenaradio.cl\/web\/wp-json\/wp\/v2\/comments?post=21299"}],"version-history":[{"count":1,"href":"https:\/\/laserenaradio.cl\/web\/wp-json\/wp\/v2\/posts\/21299\/revisions"}],"predecessor-version":[{"id":21300,"href":"https:\/\/laserenaradio.cl\/web\/wp-json\/wp\/v2\/posts\/21299\/revisions\/21300"}],"wp:featuredmedia":[{"embeddable":true,"href":"https:\/\/laserenaradio.cl\/web\/wp-json\/wp\/v2\/media\/21298"}],"wp:attachment":[{"href":"https:\/\/laserenaradio.cl\/web\/wp-json\/wp\/v2\/media?parent=21299"}],"wp:term":[{"taxonomy":"category","embeddable":true,"href":"https:\/\/laserenaradio.cl\/web\/wp-json\/wp\/v2\/categories?post=21299"},{"taxonomy":"post_tag","embeddable":true,"href":"https:\/\/laserenaradio.cl\/web\/wp-json\/wp\/v2\/tags?post=21299"}],"curies":[{"name":"wp","href":"https:\/\/api.w.org\/{rel}","templated":true}]}}