{"id":21296,"date":"2025-11-28T13:43:26","date_gmt":"2025-11-28T16:43:26","guid":{"rendered":"https:\/\/laserenaradio.cl\/web\/?p=21296"},"modified":"2025-11-28T13:43:26","modified_gmt":"2025-11-28T16:43:26","slug":"gobernador-solicita-estado-de-emergencia-en-tacna-debido-a-masivo-ingreso-de-migrantes","status":"publish","type":"post","link":"https:\/\/laserenaradio.cl\/web\/2025\/11\/28\/gobernador-solicita-estado-de-emergencia-en-tacna-debido-a-masivo-ingreso-de-migrantes\/","title":{"rendered":"Gobernador solicita estado de emergencia en Tacna debido a masivo ingreso de migrantes"},"content":{"rendered":"<p>Esta jornada de viernes, el gobernador regional de Tacna, Luis Ram\u00f3n Torres, solicit\u00f3 formalmente al presidente interino de Per\u00fa, Jos\u00e9 Jer\u00ed, que declare Estado de Emergencia en la zona fronteriza de las provincias de Tacna y Tarata. <\/p>\n<p>El motivo es el creciente flujo de ingreso de migrantes indocumentados provenientes desde Chile.<\/p>\n","protected":false},"excerpt":{"rendered":"<p>Esta jornada de viernes, el gobernador regional de Tacna, Luis Ram\u00f3n Torres, solicit\u00f3 formalmente al presidente interino de Per\u00fa, Jos\u00e9 Jer\u00ed, que declare Estado de Emergencia en la zona fronteriza de las provincias de Tacna y Tarata. El motivo es el creciente flujo de ingreso de migrantes indocumentados provenientes desde Chile.<\/p>\n","protected":false},"author":2,"featured_media":21295,"comment_status":"closed","ping_status":"open","sticky":false,"template":"","format":"standard","meta":{"_jetpack_memberships_contains_paid_content":false,"jnews-multi-image_gallery":[],"jnews_single_post":[],"jnews_primary_category":[],"jnews_social_meta":[],"jnews_paywall_metabox":[],"jnews_review":[],"enable_review":"","type":"","name":"","summary":"","brand":"","sku":"","good":[],"bad":[],"score_override":"","override_value":"","rating":[],"price":[],"jnews_override_counter":[],"jnews_post_split":[],"footnotes":""},"categories":[21],"tags":[],"class_list":["post-21296","post","type-post","status-publish","format-standard","has-post-thumbnail","hentry","category-nacional"],"jetpack_featured_media_url":"https:\/\/laserenaradio.cl\/web\/wp-content\/uploads\/2025\/11\/homepiaiextractoscrapimg_predeterminadalaserenaradio_nacional-55.webp","jetpack_sharing_enabled":true,"_links":{"self":[{"href":"https:\/\/laserenaradio.cl\/web\/wp-json\/wp\/v2\/posts\/21296","targetHints":{"allow":["GET"]}}],"collection":[{"href":"https:\/\/laserenaradio.cl\/web\/wp-json\/wp\/v2\/posts"}],"about":[{"href":"https:\/\/laserenaradio.cl\/web\/wp-json\/wp\/v2\/types\/post"}],"author":[{"embeddable":true,"href":"https:\/\/laserenaradio.cl\/web\/wp-json\/wp\/v2\/users\/2"}],"replies":[{"embeddable":true,"href":"https:\/\/laserenaradio.cl\/web\/wp-json\/wp\/v2\/comments?post=21296"}],"version-history":[{"count":1,"href":"https:\/\/laserenaradio.cl\/web\/wp-json\/wp\/v2\/posts\/21296\/revisions"}],"predecessor-version":[{"id":21297,"href":"https:\/\/laserenaradio.cl\/web\/wp-json\/wp\/v2\/posts\/21296\/revisions\/21297"}],"wp:featuredmedia":[{"embeddable":true,"href":"https:\/\/laserenaradio.cl\/web\/wp-json\/wp\/v2\/media\/21295"}],"wp:attachment":[{"href":"https:\/\/laserenaradio.cl\/web\/wp-json\/wp\/v2\/media?parent=21296"}],"wp:term":[{"taxonomy":"category","embeddable":true,"href":"https:\/\/laserenaradio.cl\/web\/wp-json\/wp\/v2\/categories?post=21296"},{"taxonomy":"post_tag","embeddable":true,"href":"https:\/\/laserenaradio.cl\/web\/wp-json\/wp\/v2\/tags?post=21296"}],"curies":[{"name":"wp","href":"https:\/\/api.w.org\/{rel}","templated":true}]}}