{"id":21287,"date":"2025-11-27T22:05:16","date_gmt":"2025-11-28T01:05:16","guid":{"rendered":"https:\/\/laserenaradio.cl\/web\/?p=21287"},"modified":"2025-11-27T22:05:16","modified_gmt":"2025-11-28T01:05:16","slug":"la-escuela-naval-rechazo-al-joven-que-sobrevivio-al-cancer-por-padecer-una-enfermedad","status":"publish","type":"post","link":"https:\/\/laserenaradio.cl\/web\/2025\/11\/27\/la-escuela-naval-rechazo-al-joven-que-sobrevivio-al-cancer-por-padecer-una-enfermedad\/","title":{"rendered":"La Escuela Naval rechaz\u00f3 al joven que sobrevivi\u00f3 al c\u00e1ncer por padecer una enfermedad"},"content":{"rendered":"<p>Ignacio deseaba tanto estar en la Escuela Naval de la Armada, que ni siquiera una grave enfermedad, la leucemia, pudo impedirlo. Quien s\u00ed lo impidi\u00f3 fue la Comisi\u00f3n de Sanidad de la instituci\u00f3n. Un hecho que alcanz\u00f3 las v\u00edas judiciales, pero que no tuvo el resultado \u00f3ptimo para el joven y su familia.<\/p>\n<p>Su madre, Vania Torres, sostuvo que el estar en la Escuela Naval era el sue\u00f1o de su hijo. &#8220;Su vocaci\u00f3n estaba en esta carrera, por eso se sacrific\u00f3&#8221;, agreg\u00f3.<\/p>\n<p>En 2020, en plena pandemia, Ignacio Hern\u00e1ndez Torres ingres\u00f3 a la instituci\u00f3n naval para formarse. Sin embargo, mientras cursaba tercer a\u00f1o en la escuela, fue diagnosticado con leucemia.<\/p>\n<p>Por lo mismo, se someti\u00f3 a una serie de tratamientos, incluyendo un trasplante de m\u00e9dula realizado a mediados de 2024. Hacia finales del mismo a\u00f1o, la enfermedad hab\u00eda desaparecido, por lo que el joven, de actuales 24 a\u00f1os, se alistaba para volver.<\/p>\n<p>Aqu\u00ed fue cuando recibieron el primer golpe: una carta de la Comisi\u00f3n de Sanidad de la Armada que lo declaraba como no apto para el servicio, por padecer una enfermedad. Cuando Ignacio estuvo todo el 2024 recuper\u00e1ndose, recibi\u00f3 visitas del director \u2013 de la Escuela Naval \u2013 en ese entonces, Gonzalo Tappen y siempre el discurso fue recup\u00e9rate, nosotros te esperamos, lo importante eres t\u00fa, y jam\u00e1s esperamos que le dieran la espalda como lo hicieron&#8221;, agreg\u00f3 la mujer.<\/p>\n<p>Por lo mismo, ingresaron un recurso de protecci\u00f3n en la Corte de Apelaciones de Valdivia, pues son oriundos de esa zona. En \u00e9l, exponen una serie de documentos. Entre ellos, un certificado del m\u00e9dico tratante del joven, donde expresa que &#8220;La evoluci\u00f3n ha sido favorable, con estudio medular post trasplante que confirma curaci\u00f3n de su leucemia&#8221;. &#8220;Por medio de este certificado informo a autoridades de Escuela Naval, que Ignacio puede retomar sus actividades acad\u00e9micas y de ejercicio f\u00edsico. En cuanto al programa de trasplante, precisa controles seriados en programa de trasplante cada 6 meses. Si bien, el informe previo sugiri\u00f3 controles frecuentes y uso de inmunosupresores, la evaluaci\u00f3n reciente fue muy favorable, permitiendo suspender varios medicamentos y permitiendo as\u00ed una vida normal&#8221;, puntualiza el escrito.<\/p>\n<p>El recurso fue acogido, y se estableci\u00f3 que &#8220;en consecuencia, la parte recurrida deber\u00e1 reincorporar al recurrente en la Escuela Naval de la <a href=\"https:\/\/www.armada.cl\/\">Armada de Chile<\/a>&#8220;. As\u00ed fue, desde abril de este a\u00f1o. Retom\u00f3 su \u00faltimo a\u00f1o de carrera, para poder graduarse como oficial de marina. Al menos eso pensaban que ocurrir\u00eda.<\/p>\n<p>Durante el a\u00f1o, sigui\u00f3 con su carrera, e incluso particip\u00f3 del desfile el d\u00eda de las Glorias Navales. A pesar, acusan, de un trato distinto y un aislamiento en la escuela.<\/p>\n<p>Sin embargo, a 15 d\u00edas de realizarse la ceremonia de graduaci\u00f3n, fue informado de que \u00e9l no se iba a graduar junto a sus compa\u00f1eros. \u00bfEl motivo? Nuevamente, fue calificado como &#8220;no apto&#8221; para ser contratado, por su pasada enfermedad.<\/p>\n<p>Lo anterior, pues, al graduarse, los oficiales son contratados y realizan una gira en el Buque Escuela Esmeralda. Vania Torres asegur\u00f3 que durante el a\u00f1o, su hijo no tuvo problemas con su salud y que con esmero realiz\u00f3 su cuarto a\u00f1o. &#8220;En la escuela le dijeron que, adem\u00e1s, \u00e9l no iba a ser graduado con el resto, sino que le dar\u00edan la licenciatura en ciencias navales&#8221;, agreg\u00f3 la madre del joven.<\/p>\n<p>Ignacio detall\u00f3 que &#8220;en estos momentos las emociones son muchas, no s\u00e9 c\u00f3mo me siento, el c\u00e1ncer ya no me mat\u00f3, de esto no me voy a morir, tengo que rearmarme, tengo que ver qu\u00e9 hacer, pero hay tiempo, soy joven, investigar otras carreras, no s\u00e9&#8221;. Del mismo modo, eval\u00faan si seguir\u00e1n por la v\u00eda legal.<\/p>\n","protected":false},"excerpt":{"rendered":"<p>Ignacio deseaba tanto estar en la Escuela Naval de la Armada, que ni siquiera una grave enfermedad, la leucemia, pudo impedirlo. Quien s\u00ed lo impidi\u00f3 fue la Comisi\u00f3n de Sanidad de la instituci\u00f3n. Un hecho que alcanz\u00f3 las v\u00edas judiciales, pero que no tuvo el resultado \u00f3ptimo para el joven y su familia. Su madre, [&hellip;]<\/p>\n","protected":false},"author":2,"featured_media":21286,"comment_status":"closed","ping_status":"open","sticky":false,"template":"","format":"standard","meta":{"_jetpack_memberships_contains_paid_content":false,"jnews-multi-image_gallery":[],"jnews_single_post":[],"jnews_primary_category":[],"jnews_social_meta":[],"jnews_paywall_metabox":[],"jnews_review":[],"enable_review":"","type":"","name":"","summary":"","brand":"","sku":"","good":[],"bad":[],"score_override":"","override_value":"","rating":[],"price":[],"jnews_override_counter":[],"jnews_post_split":[],"footnotes":""},"categories":[21],"tags":[],"class_list":["post-21287","post","type-post","status-publish","format-standard","has-post-thumbnail","hentry","category-nacional"],"jetpack_featured_media_url":"https:\/\/laserenaradio.cl\/web\/wp-content\/uploads\/2025\/11\/homepiaiextractoscrapimg_webpjovenEscuelaNavalenfermedadIgnacio_0.webp","jetpack_sharing_enabled":true,"_links":{"self":[{"href":"https:\/\/laserenaradio.cl\/web\/wp-json\/wp\/v2\/posts\/21287","targetHints":{"allow":["GET"]}}],"collection":[{"href":"https:\/\/laserenaradio.cl\/web\/wp-json\/wp\/v2\/posts"}],"about":[{"href":"https:\/\/laserenaradio.cl\/web\/wp-json\/wp\/v2\/types\/post"}],"author":[{"embeddable":true,"href":"https:\/\/laserenaradio.cl\/web\/wp-json\/wp\/v2\/users\/2"}],"replies":[{"embeddable":true,"href":"https:\/\/laserenaradio.cl\/web\/wp-json\/wp\/v2\/comments?post=21287"}],"version-history":[{"count":1,"href":"https:\/\/laserenaradio.cl\/web\/wp-json\/wp\/v2\/posts\/21287\/revisions"}],"predecessor-version":[{"id":21288,"href":"https:\/\/laserenaradio.cl\/web\/wp-json\/wp\/v2\/posts\/21287\/revisions\/21288"}],"wp:featuredmedia":[{"embeddable":true,"href":"https:\/\/laserenaradio.cl\/web\/wp-json\/wp\/v2\/media\/21286"}],"wp:attachment":[{"href":"https:\/\/laserenaradio.cl\/web\/wp-json\/wp\/v2\/media?parent=21287"}],"wp:term":[{"taxonomy":"category","embeddable":true,"href":"https:\/\/laserenaradio.cl\/web\/wp-json\/wp\/v2\/categories?post=21287"},{"taxonomy":"post_tag","embeddable":true,"href":"https:\/\/laserenaradio.cl\/web\/wp-json\/wp\/v2\/tags?post=21287"}],"curies":[{"name":"wp","href":"https:\/\/api.w.org\/{rel}","templated":true}]}}