{"id":21278,"date":"2025-11-27T21:53:42","date_gmt":"2025-11-28T00:53:42","guid":{"rendered":"https:\/\/laserenaradio.cl\/web\/?p=21278"},"modified":"2025-11-27T21:53:42","modified_gmt":"2025-11-28T00:53:42","slug":"la-frontera-entre-peru-y-chile-sigue-estable","status":"publish","type":"post","link":"https:\/\/laserenaradio.cl\/web\/2025\/11\/27\/la-frontera-entre-peru-y-chile-sigue-estable\/","title":{"rendered":"La Frontera entre Per\u00fa y Chile sigue estable"},"content":{"rendered":"<p>Cinco d\u00edas despu\u00e9s del anuncio peruano sobre militarizar sus fronteras, el Gobierno actualiz\u00f3 su escenario, especificando que no ha habido movimientos militares en la zona con Chile. <\/p>\n<p>Seg\u00fan La Moneda, las polic\u00edas y las Fuerzas Armadas realizan un monitoreo diario en la macrozona norte, mostrando un comportamiento estable.<\/p>\n<p>El ministro de Seguridad P\u00fablica, Luis Cordero, explic\u00f3 que este comportamiento se debe a los protocolos conjuntos entre <a href=\"https:\/\/www.carabineros.cl\/\">Carabineros<\/a>, la <a href=\"https:\/\/www.pdichile.cl\/\">PDI<\/a> y la Polic\u00eda Nacional del Per\u00fa. Estos mecanismos fueron activados despu\u00e9s de las crisis migratorias en Chacalluta y permiten detectar r\u00e1pidamente cualquier cambio.<\/p>\n<p>Camila Vallejo, vocera de Gobierno, aclar\u00f3 que el anuncio peruanero sigue siendo una decisi\u00f3n soberana sin ejecuci\u00f3n pr\u00e1ctica en la zona chilena. <\/p>\n<p>El Ejecutivo mantiene su evaluaci\u00f3n de normalidad basada en datos: los ingresos irregulares han disminuido un 48% durante este gobierno, gracias al refuerzo del personal y a la incorporaci\u00f3n de tecnolog\u00eda.<\/p>\n<p>Con estos avances, el Gobierno insiste en que la frontera se mantiene bajo control pese al anuncio peruano.<\/p>\n","protected":false},"excerpt":{"rendered":"<p>Cinco d\u00edas despu\u00e9s del anuncio peruano sobre militarizar sus fronteras, el Gobierno actualiz\u00f3 su escenario, especificando que no ha habido movimientos militares en la zona con Chile. Seg\u00fan La Moneda, las polic\u00edas y las Fuerzas Armadas realizan un monitoreo diario en la macrozona norte, mostrando un comportamiento estable. El ministro de Seguridad P\u00fablica, Luis Cordero, [&hellip;]<\/p>\n","protected":false},"author":2,"featured_media":21277,"comment_status":"closed","ping_status":"open","sticky":false,"template":"","format":"standard","meta":{"_jetpack_memberships_contains_paid_content":false,"jnews-multi-image_gallery":[],"jnews_single_post":[],"jnews_primary_category":[],"jnews_social_meta":[],"jnews_paywall_metabox":[],"jnews_review":[],"enable_review":"","type":"","name":"","summary":"","brand":"","sku":"","good":[],"bad":[],"score_override":"","override_value":"","rating":[],"price":[],"jnews_override_counter":[],"jnews_post_split":[],"footnotes":""},"categories":[21],"tags":[],"class_list":["post-21278","post","type-post","status-publish","format-standard","has-post-thumbnail","hentry","category-nacional"],"jetpack_featured_media_url":"https:\/\/laserenaradio.cl\/web\/wp-content\/uploads\/2025\/11\/homepiaiextractoscrapimg_predeterminadalaserenaradio_nacional-53.webp","jetpack_sharing_enabled":true,"_links":{"self":[{"href":"https:\/\/laserenaradio.cl\/web\/wp-json\/wp\/v2\/posts\/21278","targetHints":{"allow":["GET"]}}],"collection":[{"href":"https:\/\/laserenaradio.cl\/web\/wp-json\/wp\/v2\/posts"}],"about":[{"href":"https:\/\/laserenaradio.cl\/web\/wp-json\/wp\/v2\/types\/post"}],"author":[{"embeddable":true,"href":"https:\/\/laserenaradio.cl\/web\/wp-json\/wp\/v2\/users\/2"}],"replies":[{"embeddable":true,"href":"https:\/\/laserenaradio.cl\/web\/wp-json\/wp\/v2\/comments?post=21278"}],"version-history":[{"count":1,"href":"https:\/\/laserenaradio.cl\/web\/wp-json\/wp\/v2\/posts\/21278\/revisions"}],"predecessor-version":[{"id":21279,"href":"https:\/\/laserenaradio.cl\/web\/wp-json\/wp\/v2\/posts\/21278\/revisions\/21279"}],"wp:featuredmedia":[{"embeddable":true,"href":"https:\/\/laserenaradio.cl\/web\/wp-json\/wp\/v2\/media\/21277"}],"wp:attachment":[{"href":"https:\/\/laserenaradio.cl\/web\/wp-json\/wp\/v2\/media?parent=21278"}],"wp:term":[{"taxonomy":"category","embeddable":true,"href":"https:\/\/laserenaradio.cl\/web\/wp-json\/wp\/v2\/categories?post=21278"},{"taxonomy":"post_tag","embeddable":true,"href":"https:\/\/laserenaradio.cl\/web\/wp-json\/wp\/v2\/tags?post=21278"}],"curies":[{"name":"wp","href":"https:\/\/api.w.org\/{rel}","templated":true}]}}