{"id":21272,"date":"2025-11-27T17:42:45","date_gmt":"2025-11-27T20:42:45","guid":{"rendered":"https:\/\/laserenaradio.cl\/web\/?p=21272"},"modified":"2025-11-27T17:42:45","modified_gmt":"2025-11-27T20:42:45","slug":"concejales-critican-a-alcalde-por-pedir-dias-libres-para-campana-de-kast","status":"publish","type":"post","link":"https:\/\/laserenaradio.cl\/web\/2025\/11\/27\/concejales-critican-a-alcalde-por-pedir-dias-libres-para-campana-de-kast\/","title":{"rendered":"Concejales cr\u00edtican a Alcalde por pedir d\u00edas libres para campa\u00f1a de Kast."},"content":{"rendered":"<p>Concejales de Concepci\u00f3n criticaron al Alcalde H\u00e9ctor Mu\u00f1oz, quien anunci\u00f3 pedir d\u00edas sin goce de sueldo y vacaciones para participar activamente en la campa\u00f1a a segunda vuelta de Jos\u00e9 Antonio Kast. <\/p>\n<p>No solo ser\u00e1n esos cinco d\u00edas sin goce de sueldo, ya que luego Mu\u00f1oz se pedir\u00e1 vacaciones para seguir con actividades pol\u00edticas m\u00e1s all\u00e1 del quehacer municipal.<\/p>\n<p>El concejal de DC \u00d3scar Ram\u00edrez argument\u00f3 que no parece correcto que el municipio quede sin jefe titular por tanto tiempo. Seg\u00fan \u00e9l, H\u00e9ctor Mu\u00f1oz fue electo alcalde y no para ser jefe de campa\u00f1a de una alternativa presidencial.<\/p>\n<p>Por otro lado, el concejal del Partido Republicano Jos\u00e9 Pi\u00f1a cuestion\u00f3 las cr\u00edticas y afirm\u00f3 que el jefe comunal tiene derecho a pedir d\u00edas libres o sin goce de sueldo para actividades particulares.<\/p>\n<p>En juego est\u00e1 el futuro del Partido Social Cristiano en la zona y a nivel nacional, especialmente luego de no alcanzar votaci\u00f3n suficiente en las \u00faltimas parlamentarias. Tambi\u00e9n depende de esta situaci\u00f3n el posible ascenso de militantes si Jos\u00e9 Antonio Kast llega a la presidencia.<\/p>\n","protected":false},"excerpt":{"rendered":"<p>Concejales de Concepci\u00f3n criticaron al Alcalde H\u00e9ctor Mu\u00f1oz, quien anunci\u00f3 pedir d\u00edas sin goce de sueldo y vacaciones para participar activamente en la campa\u00f1a a segunda vuelta de Jos\u00e9 Antonio Kast. No solo ser\u00e1n esos cinco d\u00edas sin goce de sueldo, ya que luego Mu\u00f1oz se pedir\u00e1 vacaciones para seguir con actividades pol\u00edticas m\u00e1s all\u00e1 [&hellip;]<\/p>\n","protected":false},"author":2,"featured_media":21271,"comment_status":"closed","ping_status":"open","sticky":false,"template":"","format":"standard","meta":{"_jetpack_memberships_contains_paid_content":false,"jnews-multi-image_gallery":[],"jnews_single_post":[],"jnews_primary_category":[],"jnews_social_meta":[],"jnews_paywall_metabox":[],"jnews_review":[],"enable_review":"","type":"","name":"","summary":"","brand":"","sku":"","good":[],"bad":[],"score_override":"","override_value":"","rating":[],"price":[],"jnews_override_counter":[],"jnews_post_split":[],"footnotes":""},"categories":[21],"tags":[],"class_list":["post-21272","post","type-post","status-publish","format-standard","has-post-thumbnail","hentry","category-nacional"],"jetpack_featured_media_url":"https:\/\/laserenaradio.cl\/web\/wp-content\/uploads\/2025\/11\/homepiaiextractoscrapimg_webpConcejalesAlcalde_1.webp","jetpack_sharing_enabled":true,"_links":{"self":[{"href":"https:\/\/laserenaradio.cl\/web\/wp-json\/wp\/v2\/posts\/21272","targetHints":{"allow":["GET"]}}],"collection":[{"href":"https:\/\/laserenaradio.cl\/web\/wp-json\/wp\/v2\/posts"}],"about":[{"href":"https:\/\/laserenaradio.cl\/web\/wp-json\/wp\/v2\/types\/post"}],"author":[{"embeddable":true,"href":"https:\/\/laserenaradio.cl\/web\/wp-json\/wp\/v2\/users\/2"}],"replies":[{"embeddable":true,"href":"https:\/\/laserenaradio.cl\/web\/wp-json\/wp\/v2\/comments?post=21272"}],"version-history":[{"count":1,"href":"https:\/\/laserenaradio.cl\/web\/wp-json\/wp\/v2\/posts\/21272\/revisions"}],"predecessor-version":[{"id":21273,"href":"https:\/\/laserenaradio.cl\/web\/wp-json\/wp\/v2\/posts\/21272\/revisions\/21273"}],"wp:featuredmedia":[{"embeddable":true,"href":"https:\/\/laserenaradio.cl\/web\/wp-json\/wp\/v2\/media\/21271"}],"wp:attachment":[{"href":"https:\/\/laserenaradio.cl\/web\/wp-json\/wp\/v2\/media?parent=21272"}],"wp:term":[{"taxonomy":"category","embeddable":true,"href":"https:\/\/laserenaradio.cl\/web\/wp-json\/wp\/v2\/categories?post=21272"},{"taxonomy":"post_tag","embeddable":true,"href":"https:\/\/laserenaradio.cl\/web\/wp-json\/wp\/v2\/tags?post=21272"}],"curies":[{"name":"wp","href":"https:\/\/api.w.org\/{rel}","templated":true}]}}