{"id":21269,"date":"2025-11-27T17:41:31","date_gmt":"2025-11-27T20:41:31","guid":{"rendered":"https:\/\/laserenaradio.cl\/web\/?p=21269"},"modified":"2025-11-27T17:41:31","modified_gmt":"2025-11-27T20:41:31","slug":"rechazan-exclusion-del-financiamiento-al-programa-de-acompanamiento-a-la-identidad-de-genero-paig","status":"publish","type":"post","link":"https:\/\/laserenaradio.cl\/web\/2025\/11\/27\/rechazan-exclusion-del-financiamiento-al-programa-de-acompanamiento-a-la-identidad-de-genero-paig\/","title":{"rendered":"Rechazan exclusi\u00f3n del financiamiento al Programa de Acompa\u00f1amiento a la Identidad de G\u00e9nero (PAIG)"},"content":{"rendered":"<p>Desde la Defensor\u00eda de la Ni\u00f1ez manifestaron su rechazo a la decisi\u00f3n del Congreso Nacional de excluir el financiamiento del Programa de Acompa\u00f1amiento a la Identidad de G\u00e9nero (PAIG) en la aprobaci\u00f3n de la Ley de Presupuestos 2026. La determinaci\u00f3n constituye una regresi\u00f3n grave en la garant\u00eda de derechos de ni\u00f1os, ni\u00f1as y adolescentes, contraviniendo la legislaci\u00f3n vigente, la evidencia t\u00e9cnica disponible y los est\u00e1ndares internacionales de derechos humanos.<\/p>\n<p>La eliminaci\u00f3n del PAIG vulnera directamente el principio de progresividad y la prohibici\u00f3n de regresi\u00f3n consagrados en la Ley N\u00b021.430, as\u00ed como el mandato espec\u00edfico establecido en la Ley N\u00b021.120 de Identidad de G\u00e9nero, que obliga al Estado a garantizar programas de acompa\u00f1amiento biopsicosocial profesional para ni\u00f1os, ni\u00f1as y adolescentes trans o de g\u00e9nero no conforme.<\/p>\n<p>A su juicio, el Congreso cuenta con antecedentes sobre el tema, gracias al informe final de la Mesa T\u00e9cnica de Expertos y Expertas que mandat\u00f3 el mismo Poder Legislativo para la discusi\u00f3n presupuestaria 2026, y en cuyo trabajo participaron como instituci\u00f3n observadora. En dicho informe, se verific\u00f3 que el PAIG es necesario e indispensable y se recomend\u00f3 no solo la mantenci\u00f3n de los componentes actuales del programa, sino tambi\u00e9n su fortalecimiento, estandarizaci\u00f3n y el aseguramiento de recursos financieros estables.<\/p>\n<p>Desde la Defensor\u00eda de la Ni\u00f1ez acusan que esta decisi\u00f3n parlamentaria suprime el acceso al acompa\u00f1amiento especializado para ni\u00f1os, ni\u00f1as y adolescentes que enfrentan altos niveles de discriminaci\u00f3n, violencia y riesgos para su salud mental, tal como lo ha se\u00f1alado reiteradamente el Comit\u00e9 de los Derechos del Ni\u00f1o y la Corte Interamericana de Derechos Humanos. Adem\u00e1s, genera incertidumbre, desprotecci\u00f3n y un riesgo cierto de vulneraci\u00f3n de derechos.<\/p>\n<p>La Defensor\u00eda de la Ni\u00f1ez llama al Congreso Nacional y al Ejecutivo a buscar las v\u00edas necesarias para revertir esta decisi\u00f3n, que como para toda pol\u00edtica p\u00fablica, deber\u00eda estar basada en evidencia, legislaci\u00f3n vigente y derechos humanos, no en opiniones polarizadas. El Estado, a trav\u00e9s de todas sus instituciones, debe asumir su rol como garante reforzado de los derechos de ni\u00f1os, ni\u00f1as y adolescentes.<\/p>\n<p>Persistir en esta exclusi\u00f3n no solo vulnera derechos, sino que responsabiliza al Estado por un retroceso evitable y jur\u00eddicamente incompatible con sus obligaciones nacionales e internacionales.<\/p>\n","protected":false},"excerpt":{"rendered":"<p>Desde la Defensor\u00eda de la Ni\u00f1ez manifestaron su rechazo a la decisi\u00f3n del Congreso Nacional de excluir el financiamiento del Programa de Acompa\u00f1amiento a la Identidad de G\u00e9nero (PAIG) en la aprobaci\u00f3n de la Ley de Presupuestos 2026. La determinaci\u00f3n constituye una regresi\u00f3n grave en la garant\u00eda de derechos de ni\u00f1os, ni\u00f1as y adolescentes, contraviniendo [&hellip;]<\/p>\n","protected":false},"author":2,"featured_media":21268,"comment_status":"closed","ping_status":"open","sticky":false,"template":"","format":"standard","meta":{"_jetpack_memberships_contains_paid_content":false,"jnews-multi-image_gallery":[],"jnews_single_post":[],"jnews_primary_category":[],"jnews_social_meta":[],"jnews_paywall_metabox":[],"jnews_review":[],"enable_review":"","type":"","name":"","summary":"","brand":"","sku":"","good":[],"bad":[],"score_override":"","override_value":"","rating":[],"price":[],"jnews_override_counter":[],"jnews_post_split":[],"footnotes":""},"categories":[21],"tags":[],"class_list":["post-21269","post","type-post","status-publish","format-standard","has-post-thumbnail","hentry","category-nacional"],"jetpack_featured_media_url":"https:\/\/laserenaradio.cl\/web\/wp-content\/uploads\/2025\/11\/homepiaiextractoscrapimg_predeterminadalaserenaradio_nacional-52.webp","jetpack_sharing_enabled":true,"_links":{"self":[{"href":"https:\/\/laserenaradio.cl\/web\/wp-json\/wp\/v2\/posts\/21269","targetHints":{"allow":["GET"]}}],"collection":[{"href":"https:\/\/laserenaradio.cl\/web\/wp-json\/wp\/v2\/posts"}],"about":[{"href":"https:\/\/laserenaradio.cl\/web\/wp-json\/wp\/v2\/types\/post"}],"author":[{"embeddable":true,"href":"https:\/\/laserenaradio.cl\/web\/wp-json\/wp\/v2\/users\/2"}],"replies":[{"embeddable":true,"href":"https:\/\/laserenaradio.cl\/web\/wp-json\/wp\/v2\/comments?post=21269"}],"version-history":[{"count":1,"href":"https:\/\/laserenaradio.cl\/web\/wp-json\/wp\/v2\/posts\/21269\/revisions"}],"predecessor-version":[{"id":21270,"href":"https:\/\/laserenaradio.cl\/web\/wp-json\/wp\/v2\/posts\/21269\/revisions\/21270"}],"wp:featuredmedia":[{"embeddable":true,"href":"https:\/\/laserenaradio.cl\/web\/wp-json\/wp\/v2\/media\/21268"}],"wp:attachment":[{"href":"https:\/\/laserenaradio.cl\/web\/wp-json\/wp\/v2\/media?parent=21269"}],"wp:term":[{"taxonomy":"category","embeddable":true,"href":"https:\/\/laserenaradio.cl\/web\/wp-json\/wp\/v2\/categories?post=21269"},{"taxonomy":"post_tag","embeddable":true,"href":"https:\/\/laserenaradio.cl\/web\/wp-json\/wp\/v2\/tags?post=21269"}],"curies":[{"name":"wp","href":"https:\/\/api.w.org\/{rel}","templated":true}]}}