{"id":21266,"date":"2025-11-27T17:37:56","date_gmt":"2025-11-27T20:37:56","guid":{"rendered":"https:\/\/laserenaradio.cl\/web\/?p=21266"},"modified":"2025-11-27T17:37:56","modified_gmt":"2025-11-27T20:37:56","slug":"hallazgo-de-un-cuerpo-flotando-al-norte-de-la-serena","status":"publish","type":"post","link":"https:\/\/laserenaradio.cl\/web\/2025\/11\/27\/hallazgo-de-un-cuerpo-flotando-al-norte-de-la-serena\/","title":{"rendered":"Hallazgo de un cuerpo flotando al norte de La Serena."},"content":{"rendered":"<p>El hallazgo de un cuerpo flotando en el mar, cerca del sector Cuatro Esquinas con Avenida del Mar, se registr\u00f3 esta ma\u00f1ana de jueves en La Serena, regi\u00f3n de Coquimbo. La <a href=\"https:\/\/www.fiscaliadechile.cl\/\">Fiscal\u00eda<\/a> Regional de Coquimbo solicit\u00f3 diligencias a la Brigada de Homicidios de la Polic\u00eda de Investigaciones (<a href=\"https:\/\/www.pdichile.cl\/\">PDI<\/a>) y el <a href=\"http:\/\/www.sml.gob.cl\/\">Servicio M\u00e9dico Legal<\/a> (SML), para comenzar con las pericias correspondientes.<\/p>\n<p>Seg\u00fan inform\u00f3 la Armada, alrededor de las 09:50 horas de la ma\u00f1ana, la embarcaci\u00f3n LSG Coquimbo realizaba un patrullaje de fiscalizaci\u00f3n pesquera en la bah\u00eda cuando su dotaci\u00f3n avist\u00f3 un cuerpo flotando. Ante esto, el personal subi\u00f3 a bordo el cuerpo y fue trasladado hasta el Muelle de Pasajeros del puerto de Coquimbo, donde fue entregado al SML para las pericias e identificaci\u00f3n oficial.<\/p>\n<p>De manera preliminar, el capit\u00e1n de Puerto de Coquimbo, Daniel Sarzosa, no descart\u00f3 que el cuerpo podr\u00eda corresponder al joven argentino Alejandro Cabrera Iturriaga, de 17 a\u00f1os, desaparecido el pasado 17 de noviembre. &#8220;No les puedo indicar si corresponde o no los restos al joven Alejandro&#8221;, se\u00f1al\u00f3 Sarzosa. &#8220;Situaci\u00f3n que yo creo que en aproximadamente en un par de horas m\u00e1s ya podr\u00e1n ser informadas a la comunidad&#8221;.<\/p>\n<p>Personalmente, el capit\u00e1n se comunic\u00f3 con la familia, inform\u00e1ndoles sobre la posibilidad de que pudieran estar ante los restos del joven desaparecido. &#8220;Voy a ser el primero en darles la informaci\u00f3n oficial&#8221;, detall\u00f3 Sarzosa.<\/p>\n<p>Aunque las labores formales de b\u00fasqueda del joven argentino desaparecido hab\u00edan finalizado el pasado 24 de noviembre, desde la Autoridad Mar\u00edtima indicaron que se hab\u00eda instruido a todas las unidades navales y patrullas terrestres mantuvieran la b\u00fasqueda durante sus desplazamientos y actividades operativas, lo que permiti\u00f3 concretar el hallazgo.<\/p>\n","protected":false},"excerpt":{"rendered":"<p>El hallazgo de un cuerpo flotando en el mar, cerca del sector Cuatro Esquinas con Avenida del Mar, se registr\u00f3 esta ma\u00f1ana de jueves en La Serena, regi\u00f3n de Coquimbo. La Fiscal\u00eda Regional de Coquimbo solicit\u00f3 diligencias a la Brigada de Homicidios de la Polic\u00eda de Investigaciones (PDI) y el Servicio M\u00e9dico Legal (SML), para [&hellip;]<\/p>\n","protected":false},"author":2,"featured_media":21265,"comment_status":"closed","ping_status":"open","sticky":false,"template":"","format":"standard","meta":{"_jetpack_memberships_contains_paid_content":false,"jnews-multi-image_gallery":[],"jnews_single_post":[],"jnews_primary_category":[],"jnews_social_meta":[],"jnews_paywall_metabox":[],"jnews_review":[],"enable_review":"","type":"","name":"","summary":"","brand":"","sku":"","good":[],"bad":[],"score_override":"","override_value":"","rating":[],"price":[],"jnews_override_counter":[],"jnews_post_split":[],"footnotes":""},"categories":[21],"tags":[],"class_list":["post-21266","post","type-post","status-publish","format-standard","has-post-thumbnail","hentry","category-nacional"],"jetpack_featured_media_url":"https:\/\/laserenaradio.cl\/web\/wp-content\/uploads\/2025\/11\/homepiaiextractoscrapimg_predeterminadalaserenaradio_ultimo_minuto-6.webp","jetpack_sharing_enabled":true,"_links":{"self":[{"href":"https:\/\/laserenaradio.cl\/web\/wp-json\/wp\/v2\/posts\/21266","targetHints":{"allow":["GET"]}}],"collection":[{"href":"https:\/\/laserenaradio.cl\/web\/wp-json\/wp\/v2\/posts"}],"about":[{"href":"https:\/\/laserenaradio.cl\/web\/wp-json\/wp\/v2\/types\/post"}],"author":[{"embeddable":true,"href":"https:\/\/laserenaradio.cl\/web\/wp-json\/wp\/v2\/users\/2"}],"replies":[{"embeddable":true,"href":"https:\/\/laserenaradio.cl\/web\/wp-json\/wp\/v2\/comments?post=21266"}],"version-history":[{"count":1,"href":"https:\/\/laserenaradio.cl\/web\/wp-json\/wp\/v2\/posts\/21266\/revisions"}],"predecessor-version":[{"id":21267,"href":"https:\/\/laserenaradio.cl\/web\/wp-json\/wp\/v2\/posts\/21266\/revisions\/21267"}],"wp:featuredmedia":[{"embeddable":true,"href":"https:\/\/laserenaradio.cl\/web\/wp-json\/wp\/v2\/media\/21265"}],"wp:attachment":[{"href":"https:\/\/laserenaradio.cl\/web\/wp-json\/wp\/v2\/media?parent=21266"}],"wp:term":[{"taxonomy":"category","embeddable":true,"href":"https:\/\/laserenaradio.cl\/web\/wp-json\/wp\/v2\/categories?post=21266"},{"taxonomy":"post_tag","embeddable":true,"href":"https:\/\/laserenaradio.cl\/web\/wp-json\/wp\/v2\/tags?post=21266"}],"curies":[{"name":"wp","href":"https:\/\/api.w.org\/{rel}","templated":true}]}}