{"id":21263,"date":"2025-11-27T17:35:34","date_gmt":"2025-11-27T20:35:34","guid":{"rendered":"https:\/\/laserenaradio.cl\/web\/?p=21263"},"modified":"2025-11-27T17:35:34","modified_gmt":"2025-11-27T20:35:34","slug":"detienen-a-reo-profugo-en-santiago","status":"publish","type":"post","link":"https:\/\/laserenaradio.cl\/web\/2025\/11\/27\/detienen-a-reo-profugo-en-santiago\/","title":{"rendered":"Detienen a reo pr\u00f3fugo en Santiago."},"content":{"rendered":"<p>Durante la tarde del jueves 27 de noviembre, <a href=\"https:\/\/www.carabineros.cl\/\">Carabineros<\/a> confirm\u00f3 la detenci\u00f3n de Am\u00edlcar Olivares C\u00e1rdenas, quien estaba pr\u00f3fugo despu\u00e9s de vulnerar los controles de Colina II y fugarse. En los pr\u00f3ximos minutos, la instituci\u00f3n policial entregar\u00e1 m\u00e1s detalles sobre el caso.<\/p>\n<p>El sujeto que se encontraba pr\u00f3fugo ha sido capturado y actualmente se encuentra en la 11.\u00aa Comisar\u00eda de Lo Espejo.<\/p>\n","protected":false},"excerpt":{"rendered":"<p>Durante la tarde del jueves 27 de noviembre, Carabineros confirm\u00f3 la detenci\u00f3n de Am\u00edlcar Olivares C\u00e1rdenas, quien estaba pr\u00f3fugo despu\u00e9s de vulnerar los controles de Colina II y fugarse. En los pr\u00f3ximos minutos, la instituci\u00f3n policial entregar\u00e1 m\u00e1s detalles sobre el caso. El sujeto que se encontraba pr\u00f3fugo ha sido capturado y actualmente se encuentra [&hellip;]<\/p>\n","protected":false},"author":2,"featured_media":21262,"comment_status":"closed","ping_status":"open","sticky":false,"template":"","format":"standard","meta":{"_jetpack_memberships_contains_paid_content":false,"jnews-multi-image_gallery":[],"jnews_single_post":[],"jnews_primary_category":[],"jnews_social_meta":[],"jnews_paywall_metabox":[],"jnews_review":[],"enable_review":"","type":"","name":"","summary":"","brand":"","sku":"","good":[],"bad":[],"score_override":"","override_value":"","rating":[],"price":[],"jnews_override_counter":[],"jnews_post_split":[],"footnotes":""},"categories":[21],"tags":[],"class_list":["post-21263","post","type-post","status-publish","format-standard","has-post-thumbnail","hentry","category-nacional"],"jetpack_featured_media_url":"https:\/\/laserenaradio.cl\/web\/wp-content\/uploads\/2025\/11\/homepiaiextractoscrapimg_webpDurantetardejuevesnoviembre_0.webp","jetpack_sharing_enabled":true,"_links":{"self":[{"href":"https:\/\/laserenaradio.cl\/web\/wp-json\/wp\/v2\/posts\/21263","targetHints":{"allow":["GET"]}}],"collection":[{"href":"https:\/\/laserenaradio.cl\/web\/wp-json\/wp\/v2\/posts"}],"about":[{"href":"https:\/\/laserenaradio.cl\/web\/wp-json\/wp\/v2\/types\/post"}],"author":[{"embeddable":true,"href":"https:\/\/laserenaradio.cl\/web\/wp-json\/wp\/v2\/users\/2"}],"replies":[{"embeddable":true,"href":"https:\/\/laserenaradio.cl\/web\/wp-json\/wp\/v2\/comments?post=21263"}],"version-history":[{"count":1,"href":"https:\/\/laserenaradio.cl\/web\/wp-json\/wp\/v2\/posts\/21263\/revisions"}],"predecessor-version":[{"id":21264,"href":"https:\/\/laserenaradio.cl\/web\/wp-json\/wp\/v2\/posts\/21263\/revisions\/21264"}],"wp:featuredmedia":[{"embeddable":true,"href":"https:\/\/laserenaradio.cl\/web\/wp-json\/wp\/v2\/media\/21262"}],"wp:attachment":[{"href":"https:\/\/laserenaradio.cl\/web\/wp-json\/wp\/v2\/media?parent=21263"}],"wp:term":[{"taxonomy":"category","embeddable":true,"href":"https:\/\/laserenaradio.cl\/web\/wp-json\/wp\/v2\/categories?post=21263"},{"taxonomy":"post_tag","embeddable":true,"href":"https:\/\/laserenaradio.cl\/web\/wp-json\/wp\/v2\/tags?post=21263"}],"curies":[{"name":"wp","href":"https:\/\/api.w.org\/{rel}","templated":true}]}}